{"id":912,"date":"2010-03-04T19:58:30","date_gmt":"2010-03-04T16:58:30","guid":{"rendered":"http:\/\/privacy.cyber-rights.org.tr\/?p=912"},"modified":"2010-03-04T19:58:34","modified_gmt":"2010-03-04T16:58:34","slug":"gercek-gundem-turkiyenin-ihtiyaci","status":"publish","type":"post","link":"https:\/\/privacy.cyber-rights.org.tr\/?p=912","title":{"rendered":"Ger\u00e7ek G\u00fcndem: T\u00fcrkiye&#8217;nin ihtiyac\u0131&#8230;"},"content":{"rendered":"<p><a href=\"http:\/\/www.gercekgundem.com\/?p=257409\">Ger\u00e7ek G\u00fcndem: T\u00fcrkiye&#8217;nin ihtiyac\u0131&#8230;<\/a>: &#8220;CHP ve RSF&#8217;den dava tepkisi<\/p>\n<p>04 Mart 2010<\/p>\n<p>Cumhurba\u015fkanl\u0131\u011f\u0131&#8217;n\u0131n a\u00e7t\u0131\u011f\u0131 davan\u0131n ilk duru\u015fmas\u0131 yap\u0131ld\u0131. Yarkada\u015f ne dedi?<\/p>\n<p>Cumhurba\u015fkanl\u0131\u011f\u0131\u2019n\u0131n \u015fikayeti \u00fczerine ifade veren Gazeteci Bar\u0131\u015f Yarkada\u015f, \u2018Yeni davalarla kar\u015f\u0131 kar\u015f\u0131ya kalmamak i\u00e7in Abdullah G\u00fcl haberlerini okurlar\u0131n yorumuna kapatt\u0131k. Bir anlamda oto-sans\u00fcr uyguluyoruz\u2019 dedi. RSF ve CHP de davay\u0131 g\u00fcndeme ta\u015f\u0131d\u0131.<\/p>\n<p>Ermenistan Cumhurba\u015fkan\u0131 Serj Sarkisyan\u2019\u0131n T\u00fcrkiye\u2019ye y\u00f6nelik s\u00f6zlerini yay\u0131mlayan Ger\u00e7ek G\u00fcndem.com \u2018T\u00fcrkeli27\u2019 rumuzlu okuru y\u00fcz\u00fcnden daval\u0131k oldu. Sarkisyan\u2019\u0131n T\u00fcrkiye\u2019ye meydan okudu\u011funu, bu cesaretin ise Abdullah G\u00fcl\u2019\u00fcn tavr\u0131ndan kaynakland\u0131\u011f\u0131n\u0131 iddia eden T\u00fcrkeli27 rumuzlu okurun yorumu Cumhurba\u015fkanl\u0131\u011f\u0131\u2019n\u0131 harekete ge\u00e7irdi. 24 Nisan 2009\u2019da yay\u0131mlanan yorumda \u2018hakaret\u2019 oldu\u011funu iddia eden T\u00fcrkiye Cumhurba\u015fkanl\u0131\u011f\u0131, yorumu yay\u0131mlayan Ger\u00e7ek G\u00fcndem.com Genel Yay\u0131n Y\u00f6netmeni Bar\u0131\u015f Yarkada\u015f hakk\u0131nda dava a\u00e7t\u0131. Yarkada\u015f\u2019\u0131n, \u2018Cumhurba\u015fkan\u0131\u2019na hakaret\u2019 su\u00e7unu i\u00e7eren T\u00fcrk Ceza Kanunu\u2019nun 299\/1, 2, 3 ve 53. maddelerinden cezaland\u0131r\u0131lmas\u0131 istendi.<\/p>\n<p>D\u00d6RT AVUKAT SAVUNDU<\/p>\n<p>Cumhurba\u015fkanl\u0131\u011f\u0131\u2019n\u0131n \u015fikayeti, Adalet Bakanl\u0131\u011f\u0131\u2019n\u0131n da izin vermesi \u00fczerine a\u00e7\u0131lan davan\u0131n ilk duru\u015fmas\u0131 Kad\u0131k\u00f6y 7. Asliye Ceza Mahkemesi\u2019nde g\u00f6r\u00fcld\u00fc. Avukat Nalan Gonca \u00c7elik, Metin Florinal\u0131, Erdal Do\u011fan ve Sennur Beybo\u011fa\u2019n\u0131n savundu\u011fu Bar\u0131\u015f Yarkada\u015f, \u2018Cumhurba\u015fkan\u0131 Abdullah G\u00fcl\u2019e y\u00f6nelik hakaret kast\u0131m\u0131z ve niyetimiz yok. Zaten isnat edilen su\u00e7u da ben i\u015flemedim. Yazmad\u0131\u011f\u0131m bir yorum y\u00fcz\u00fcnden yarg\u0131lan\u0131yorum\u2019 dedi.<\/p>\n<p>&#8216;HAKARET KASTIMIZ YOKTU&#8217;<\/p>\n<p>\u0130nternet sitesinin sahibi ve Genel Yay\u0131n Y\u00f6netmeni oldu\u011funu belirten Yarkada\u015f, savunmas\u0131na \u015f\u00f6yle devam etti: \u2018Cumhurba\u015fkanl\u0131\u011f\u0131\u2019n\u0131n s\u00f6z konusu \u015fikayeti \u00fczerine hakaret kast\u0131m\u0131z ve niyetimizin olmad\u0131\u011f\u0131n\u0131 g\u00f6stermek i\u00e7in hi\u00e7bir hukuki zorunluluk yokken yorumu siteden kald\u0131rd\u0131k. Sitemize g\u00fcnde yakla\u015f\u0131k \u00fc\u00e7 bin okur yorumu gelmektedir. S\u00f6z konusu yorumun yay\u0131mland\u0131\u011f\u0131 d\u00f6nemde okurlar\u0131n d\u00fc\u015f\u00fcnceleri filtre kullan\u0131lmadan sayfaya konuluyordu. Ancak bu \u015fikayet sonras\u0131 yeni bir yaz\u0131l\u0131mla yorumlar\u0131 denetimden ge\u00e7irmeye ba\u015flad\u0131k. Cumhurba\u015fkanl\u0131\u011f\u0131\u2019na ili\u015fkin haberleri ise yoruma tamamen kapatt\u0131k. Art\u0131k hi\u00e7 kimse bizim sitemizde G\u00fcl\u2019e ili\u015fkin herhangi bir \u015fey yazam\u0131yor.\u2019<\/p>\n<p>OTO &#8211; SANS\u00dcR D\u0130YALO\u011eU<\/p>\n<p>Hakim Tahsin Do\u011fan\u2019\u0131n \u2018Yorumlar i\u00e7in oto-kontrol m\u00fc uygulamaya ba\u015flad\u0131n\u0131z?\u2019 demesi \u00fczerine, Bar\u0131\u015f Yarkada\u015f, \u2018Oto kontrol uyguluyoruz. Daha do\u011frusu bunun ad\u0131 oto-sans\u00fcrd\u00fcr. Yeni bir davayla kar\u015f\u0131 kar\u015f\u0131ya kalmamak i\u00e7in oto-sans\u00fcr uyguluyoruz\u2019 cevab\u0131n\u0131 verdi. Yarkada\u015f\u2019\u0131n Avukat\u0131 Erdal Do\u011fan da yap\u0131lan uygulamay\u0131 \u2018oto-sans\u00fcr\u2019 olarak niteledi.<\/p>\n<p>Bunun \u00fczerine Hakim Tahsin Do\u011fan, \u2018Peki yorumlar\u0131 \u015fimdi nas\u0131l yay\u0131ml\u0131yorsunuz? Neye g\u00f6re karar veriyorsunuz?\u2019 sorusunu y\u00f6neltti. Bar\u0131\u015f Yarkada\u015f, \u2018Hakaret ve ele\u015ftiri herkesin bak\u0131\u015f\u0131na g\u00f6re de\u011fi\u015fiyor. Size g\u00f6re hakaret olan bir s\u00f6z, biz gazeteciler a\u00e7\u0131s\u0131ndan hakaret olarak g\u00f6r\u00fclmeyebiliyor. Hukuk bilgimiz ve sezgilerimize g\u00f6re yorumlar\u0131 yay\u0131ml\u0131yoruz. Bu dava sonucunda yay\u0131mlanan yorumun su\u00e7 olup olmad\u0131\u011f\u0131na da zaten yine siz karar vereceksiniz\u2019 dedi.<\/p>\n<p>D\u00dcNYADA CEZA S\u0130STEM\u0130 YOK<\/p>\n<p>Sitede yay\u0131mlanan yorumu kendisinin yazmad\u0131\u011f\u0131n\u0131, T\u00fcrkeli27 rumuzunu kullanan ki\u015finin Bili\u015fim Su\u00e7lar\u0131yla \u015eube M\u00fcd\u00fcrl\u00fc\u011f\u00fc taraf\u0131ndan Danimarka\u2019da ya\u015fad\u0131\u011f\u0131n\u0131n tespit edildi\u011fini de aktaran Yarkada\u015f, \u2018Yazmad\u0131\u011f\u0131m\u0131z bir yorum y\u00fcz\u00fcnden yarg\u0131lan\u0131yoruz. D\u00fcnyan\u0131n \u00e7e\u015fitli \u00fclkelerinde de bu t\u00fcr davalar var. Ancak o \u00fclkelerde e\u011fer bir su\u00e7 varsa, su\u00e7a konu olan i\u00e7erik yay\u0131ndan kald\u0131r\u0131l\u0131yor. Biz de ayn\u0131s\u0131n\u0131 yapt\u0131k. Mahkeme karar\u0131 olmamas\u0131na ra\u011fmen \u015fikayete konu olan yorumu sayfadan kald\u0131rd\u0131k\u2019 ifadesini kulland\u0131.<\/p>\n<p>AVUKATLAR: SU\u00c7UN \u015eAHS\u0130L\u0130\u011e\u0130 \u0130LKES\u0130 VAR<\/p>\n<p>Ger\u00e7ek G\u00fcndem.com Genel Yay\u0131n Y\u00f6netmeni Bar\u0131\u015f Yarkada\u015f\u2019\u0131n ard\u0131ndan s\u00f6z alan Avukat Erdal Do\u011fan ile Metin Florinal\u0131 da m\u00fcvekillerinin beraatini istedi. \u2018Su\u00e7un \u015fahsili\u011fi\u2019 ilkesi gere\u011fince Yarkada\u015f\u2019\u0131n yarg\u0131lanamayaca\u011f\u0131n\u0131 s\u00f6yleyen avukatlar \u2018M\u00fcvekkilimiz hakaret niyetinin olmad\u0131\u011f\u0131n\u0131 g\u00f6stermek i\u00e7in zaten yorumu sayfadan kald\u0131rm\u0131\u015f. Hatta daha da ileri gidilerek bir anlamda oto-sans\u00fcr uygulanarak G\u00fcl\u2019e ili\u015fkin t\u00fcm yorumlar kapat\u0131lm\u0131\u015f. TCK\u2019n\u0131n 299. maddesi a\u00e7\u0131kt\u0131r. Su\u00e7 i\u015fledi\u011fi iddia edilen ki\u015finin yarg\u0131lanmas\u0131 gerekti\u011fi h\u00fckm\u00fc vard\u0131r. Burada ise su\u00e7a isnat edilen yorum m\u00fcvekkilimiz taraf\u0131ndan yaz\u0131lmam\u0131\u015ft\u0131r. Bu Emniyet M\u00fcd\u00fcrl\u00fc\u011f\u00fc\u2019n\u00fcn kay\u0131tlar\u0131nda da vard\u0131r\u2019 dedi. Yorum ve ele\u015ftiri noktas\u0131nda A\u0130HM\u2019in san\u0131k lehine bir\u00e7ok karar\u0131 oldu\u011funu da dile getiren Do\u011fan ve Florinal\u0131 \u2018Davan\u0131n hem esastan hem de us\u00fclden bozulmas\u0131n\u0131\u2019 talep etti.<\/p>\n<p>Ger\u00e7ek G\u00fcndem.com Genel Yay\u0131n Y\u00f6netmeni Bar\u0131\u015f Yarkada\u015f ile avukatlar\u0131n savunmas\u0131n\u0131 dinleyen mahkeme heyeti duru\u015fmay\u0131 9 Haziran 2010 tarihine erteledi.<\/p>\n<p>\u2018KAHRAMAN OLMAMIZ MI GEREK\u0130YOR?\u2019<\/p>\n<p>Dava sonras\u0131 gazetecilere a\u00e7\u0131klama yapan Bar\u0131\u015f Yarkada\u015f ise \u2018T\u00fcrkiye\u2019de gazetecilik yapmak gitgide imkans\u0131z hale geliyor. CHP Genel Ba\u015fkan\u0131 Deniz Baykal bir konu\u015fmas\u0131nda (T\u00fcrkiye\u2019de gazetecilik yapabilmek i\u00e7in kahraman m\u0131 olmak gerekiyor?) diye sormu\u015ftu. Bug\u00fcn bunun somut bir \u00f6rne\u011fini ya\u015f\u0131yoruz. Yazmad\u0131\u011f\u0131m\u0131z ancak yay\u0131mlad\u0131\u011f\u0131m\u0131z bir yorum y\u00fcz\u00fcnden 5 y\u0131l hapsimiz isteniyor. Pe\u015fpe\u015fe davalar a\u00e7\u0131l\u0131yor. Neyi yay\u0131mlay\u0131p neyi yay\u0131mlayamayaca\u011f\u0131m\u0131z konusunda teredd\u00fct i\u00e7indeyiz\u2019 dedi.<\/p>\n<p>Cuma g\u00fcn\u00fc g\u00f6r\u00fclecek bir di\u011fer bas\u0131n davas\u0131nda da 2.5 y\u0131l hapsinin istendi\u011fini hat\u0131rlatan Yarkada\u015f, \u2018T\u00fcrkiye demokratikle\u015fiyor, diyenler bu tablo kar\u015f\u0131s\u0131nda sessiz. Bu nas\u0131l demokratikle\u015fme? Bir s\u00fcre sonra ne yazacak, ne de konu\u015fulabilecek herhangi bir mecra kalmayacak\u2019 ifadesini kulland\u0131. Gazetecilerin yakla\u015f\u0131k 4 bin davayla kar\u015f\u0131 kar\u015f\u0131ya oldu\u011funu da belirten Yarkada\u015f, \u20182010 y\u0131l\u0131nda bir\u00e7ok meslekta\u015f\u0131m\u0131z ne yaz\u0131k ki cezaevine girecek\u2019 dedi. Duru\u015fmay\u0131 Ak\u015fam Gazetesi Yazar\u0131 Mustafa Dolu, CHP Bas\u0131n Dan\u0131\u015fman\u0131 Veysi \u015eahin ile CHP Sayman\u0131 \u0130lhan \u00c7elik de izledi.<\/p>\n<p>CHP SORU \u00d6NERGES\u0130 VERD\u0130<\/p>\n<p>\u00d6te yandan, CHP Ankara Milletvekili Nesrin Baytok ise Cumhurba\u015fkanl\u0131\u011f\u0131\u2019n\u0131n \u015fikayeti \u00fczerine Gazeteci Bar\u0131\u015f Yarkada\u015f\u2019a dava a\u00e7\u0131lmas\u0131n\u0131 TBMM g\u00fcndemine ta\u015f\u0131d\u0131. Adalet Bakanl\u0131\u011f\u0131\u2019n\u0131n yan\u0131tlamas\u0131 istemiyle soru \u00f6nergesi veren Baytok, \u2018Cumhurba\u015fkanl\u0131\u011f\u0131\u2019n\u0131n \u015fikayeti \u00fczerine ka\u00e7 soru\u015fturma yap\u0131ld\u0131, bunlar\u0131n ka\u00e7\u0131 davaya d\u00f6n\u00fc\u015ft\u00fc?\u2019 diye sordu. Baytok, soru \u00f6nergesinde gazetecilerin ceza davalar\u0131yla ma\u011fdur edilmemesi i\u00e7in herhangi bir \u00e7al\u0131\u015fma yap\u0131l\u0131p yap\u0131lmad\u0131\u011f\u0131n\u0131n a\u00e7\u0131klanmas\u0131n\u0131 da istedi.<\/p>\n<p>RSF: BU ELE\u015eT\u0130R\u0130LER\u0130 BASTIRMA G\u0130R\u0130\u015e\u0130M\u0130D\u0130R<\/p>\n<p>Merkezi Fransa&#8217;da bulunan S\u0131n\u0131r Tan\u0131mayan Gazeteciler \u00d6rg\u00fct\u00fc (RSF) de davayla ilgili bir a\u00e7\u0131klama yapt\u0131. \u00d6rg\u00fct\u00fcn internet sitesinde yer alan a\u00e7\u0131klamada Cumhurba\u015fkan\u0131 Abdullah G\u00fcl&#8217;\u00fcn Gazeteci Bar\u0131\u015f Yarkada\u015f&#8217;a dava a\u00e7mas\u0131 &#8216;ele\u015ftirileri bast\u0131rma giri\u015fimi&#8217; olarak de\u011ferlendirildi.<\/p>\n<p>Bar\u0131\u015f Yarkada\u015f&#8217;\u0131 Avukat Erdal Do\u011fan, Metin Florinal\u0131, Gonca \u00c7elik ve Sennur Beybo\u011fa savundu. Foto\u011fraf: Serkan Ulu<\/p>\n<p>*****<\/p>\n<p>TCK 299 NEY\u0130 KAPSIYOR?<\/p>\n<p>TCK\u2019n\u0131n 299. maddesi, su\u00e7un bas\u0131n yoluyla i\u015flenmesi halinde san\u0131\u011f\u0131n 5 y\u0131l 4 ay hapisle cezaland\u0131r\u0131lmas\u0131n\u0131 \u00f6ng\u00f6r\u00fcyor. Ayr\u0131ca, san\u0131k su\u00e7lu bulundu\u011fu taktirde se\u00e7me ve se\u00e7ilme hakk\u0131 elinden al\u0131n\u0131yor. Ceza alan ki\u015fi herhangi bir \u015firkete ortak olam\u0131yor, vasi atayam\u0131yor.<\/p>\n","protected":false},"excerpt":{"rendered":"<p>Ger\u00e7ek G\u00fcndem: T\u00fcrkiye&#8217;nin ihtiyac\u0131&#8230;: &#8220;CHP ve RSF&#8217;den dava tepkisi 04 Mart 2010 Cumhurba\u015fkanl\u0131\u011f\u0131&#8217;n\u0131n a\u00e7t\u0131\u011f\u0131 davan\u0131n ilk duru\u015fmas\u0131 yap\u0131ld\u0131. Yarkada\u015f ne dedi? Cumhurba\u015fkanl\u0131\u011f\u0131\u2019n\u0131n \u015fikayeti \u00fczerine ifade veren Gazeteci Bar\u0131\u015f Yarkada\u015f, \u2018Yeni davalarla kar\u015f\u0131 kar\u015f\u0131ya kalmamak i\u00e7in Abdullah G\u00fcl haberlerini okurlar\u0131n yorumuna kapatt\u0131k. Bir anlamda oto-sans\u00fcr uyguluyoruz\u2019 dedi. RSF ve CHP de davay\u0131 g\u00fcndeme ta\u015f\u0131d\u0131. Ermenistan Cumhurba\u015fkan\u0131 Serj Sarkisyan\u2019\u0131n T\u00fcrkiye\u2019ye y\u00f6nelik s\u00f6zlerini&#8230;<\/p>\n","protected":false},"author":1,"featured_media":0,"comment_status":"open","ping_status":"closed","sticky":false,"template":"","format":"standard","meta":{"jetpack_post_was_ever_published":false,"_jetpack_newsletter_access":"","_jetpack_dont_email_post_to_subs":false,"_jetpack_newsletter_tier_id":0,"_jetpack_memberships_contains_paywalled_content":false,"_jetpack_memberships_contains_paid_content":false,"footnotes":"","jetpack_publicize_message":"","jetpack_publicize_feature_enabled":true,"jetpack_social_post_already_shared":false,"jetpack_social_options":{"image_generator_settings":{"template":"highway","default_image_id":0,"font":"","enabled":false},"version":2}},"categories":[134,5,133,28,67],"tags":[],"class_list":["post-912","post","type-post","status-publish","format-standard","hentry","category-cumhurbaskanligi","category-dusunce-ozgurlugu","category-gercek-gundem","category-hakaret","category-turkiye"],"jetpack_publicize_connections":[],"jetpack_featured_media_url":"","jetpack_sharing_enabled":true,"jetpack_shortlink":"https:\/\/wp.me\/p7wjA8-eI","jetpack-related-posts":[],"_links":{"self":[{"href":"https:\/\/privacy.cyber-rights.org.tr\/index.php?rest_route=\/wp\/v2\/posts\/912","targetHints":{"allow":["GET"]}}],"collection":[{"href":"https:\/\/privacy.cyber-rights.org.tr\/index.php?rest_route=\/wp\/v2\/posts"}],"about":[{"href":"https:\/\/privacy.cyber-rights.org.tr\/index.php?rest_route=\/wp\/v2\/types\/post"}],"author":[{"embeddable":true,"href":"https:\/\/privacy.cyber-rights.org.tr\/index.php?rest_route=\/wp\/v2\/users\/1"}],"replies":[{"embeddable":true,"href":"https:\/\/privacy.cyber-rights.org.tr\/index.php?rest_route=%2Fwp%2Fv2%2Fcomments&post=912"}],"version-history":[{"count":1,"href":"https:\/\/privacy.cyber-rights.org.tr\/index.php?rest_route=\/wp\/v2\/posts\/912\/revisions"}],"predecessor-version":[{"id":913,"href":"https:\/\/privacy.cyber-rights.org.tr\/index.php?rest_route=\/wp\/v2\/posts\/912\/revisions\/913"}],"wp:attachment":[{"href":"https:\/\/privacy.cyber-rights.org.tr\/index.php?rest_route=%2Fwp%2Fv2%2Fmedia&parent=912"}],"wp:term":[{"taxonomy":"category","embeddable":true,"href":"https:\/\/privacy.cyber-rights.org.tr\/index.php?rest_route=%2Fwp%2Fv2%2Fcategories&post=912"},{"taxonomy":"post_tag","embeddable":true,"href":"https:\/\/privacy.cyber-rights.org.tr\/index.php?rest_route=%2Fwp%2Fv2%2Ftags&post=912"}],"curies":[{"name":"wp","href":"https:\/\/api.w.org\/{rel}","templated":true}]}}