{"id":914,"date":"2010-03-04T20:10:32","date_gmt":"2010-03-04T17:10:32","guid":{"rendered":"http:\/\/privacy.cyber-rights.org.tr\/?p=914"},"modified":"2010-03-04T20:10:37","modified_gmt":"2010-03-04T17:10:37","slug":"kosk-sanal-alemde-10-bekci-murtaza-gucunde-radikal-internet","status":"publish","type":"post","link":"https:\/\/privacy.cyber-rights.org.tr\/?p=914","title":{"rendered":"K\u00f6\u015fk, sanal \u00e2lemde 10 Bek\u00e7i Murtaza g\u00fcc\u00fcnde \/ Radikal \u0130nternet"},"content":{"rendered":"<p>Ger\u00e7ek G\u00fcndem konusu ile ilgili Radikal&#8217;in 22 Ocak 2010 tarihli haberi&#8230;<\/p>\n<p><a href=\"http:\/\/www.radikal.com.tr\/Default.aspx?aType=RadikalDetay&#038;Date=22.1.2010&#038;ArticleID=976100\">K\u00f6\u015fk, sanal \u00e2lemde 10 Bek\u00e7i Murtaza g\u00fcc\u00fcnde \/ T\u00fcrkiye \/ Radikal \u0130nternet<\/a><\/p>\n<p>22\/01\/2010 08:25<\/p>\n<p>Bir okur, internet sitesindeki habere Cumhurba\u015fkan\u0131 Abdullah G\u00fcl i\u00e7in &#8216;Devletin onurunu ayaklar alt\u0131na ald\u0131n\u0131z&#8217; yazd\u0131. Sitenin sahibi be\u015f y\u0131l hapisle yarg\u0131lan\u0131yor<\/p>\n<p>\u0130SMA\u0130L SAYMAZ<\/p>\n<p>\u0130STANBUL &#8211; Cumhurba\u015fkanl\u0131\u011f\u0131, \u2018www.gercekgundem.com\u2019 adl\u0131 internet haber portal\u0131ndaki haberin alt\u0131na Cumhurba\u015fkan\u0131 Abdullah G\u00fcl\u2019e y\u00f6nelik olarak \u2018Koskoca devletin onurunu ayaklar alt\u0131na ald\u0131n\u0131z. BRAVOOOOO S\u0130ZE!\u2019 diye yazan \u2018T\u00fcrkeli27\u2019 rumuzlu okuyucunun pe\u015fine d\u00fc\u015ft\u00fc. Cumhurba\u015fkanl\u0131\u011f\u0131 Hukuk M\u00fc\u015favirli\u011fi\u2019nin \u015fik\u00e2yetiyle harekete ge\u00e7en savc\u0131l\u0131k, \u2018T\u00fcrkeli 27\u2019nin Danimarka\u2019dan o yorumu yazd\u0131\u011f\u0131n\u0131 saptay\u0131p okuyucuya ula\u015famay\u0131nca faturay\u0131 haber portal\u0131n\u0131n Genel Yay\u0131n Y\u00f6netmeni Bar\u0131\u015f Yarkada\u015f\u2019a kesti. Yarkada\u015f, \u2018cumhurba\u015fkan\u0131na hakaret\u2019ten be\u015f y\u0131l d\u00f6rt ay hapis istemiyle yarg\u0131lanacak.<br \/>\nErmenistan Cumhurba\u015fkan\u0131 Serj Sarkisyan 24 Nisan 2009\u2019da, T\u00fcrkiye\u2019yi ziyaret edip etmeyece\u011fine dair yapt\u0131\u011f\u0131 a\u00e7\u0131klamada, \u2018S\u0131n\u0131r a\u00e7\u0131k veya a\u00e7\u0131lmak \u00fczere de\u011filse T\u00fcrkiye\u2019ye gitmem\u2019 demi\u015fti. A\u00e7\u0131klama ayn\u0131 g\u00fcn, www.gercekgundem.com adl\u0131 internet haber portal\u0131nda yay\u0131mlanm\u0131\u015ft\u0131. \u2018Okur Yorumlar\u0131\u2019 k\u00f6\u015fesinde ise \u2018T\u00fcrkeli27\u2019 rumuzunu kullanan bir okur, hem Sarkiysan\u2019\u0131 hem da Cumhurba\u015fkan\u0131 Abdullah G\u00fcl\u2019\u00fc ele\u015ftirerek, \u015funlar\u0131 yazd\u0131:<br \/>\n\u2018&#8230;T\u00fcrkiye\u2019ye gelmek istemiyorlarm\u0131\u015f bu neden biliyor musunuz, e\u011fer kendi \u015fartlar\u0131 kabul edilmeden bu ziyareti futbol ad\u0131na bile olsa yapt\u0131klar\u0131 halde s\u00f6ylediklerini yutmu\u015f olacaklar ve bunun bilincinden olduklar\u0131 i\u00e7in ziyaret ba\u015fkan\u0131 olarak koskoca devletin onurunu ayaklar alt\u0131na ald\u0131n\u0131z! BRAVOOOOO S\u0130ZE!\u2019<\/p>\n<p>Cumhurba\u015fkanl\u0131\u011f\u0131 \u015fik\u00e2yet\u00e7i oldu<br \/>\nYorumun yay\u0131mlanmas\u0131ndan sonra Adalet Bakanl\u0131\u011f\u0131\u2019na ba\u015fvuran Cumhurba\u015fkanl\u0131\u011f\u0131 Hukuk M\u00fc\u015favirli\u011fi, su\u00e7 duyurusunda bulundu. Adalet Bakanl\u0131\u011f\u0131\u2019n\u0131n, \u015fik\u00e2yeti Kad\u0131k\u00f6y Cumhuriyet Ba\u015fsavc\u0131l\u0131\u011f\u0131\u2019na g\u00f6ndermesiyle Savc\u0131 Dursun Y\u0131lmaz soru\u015fturma ba\u015flatt\u0131. Emniyet M\u00fcd\u00fcrl\u00fc\u011f\u00fc Bili\u015fim Su\u00e7lar\u0131yla M\u00fccadele Birimi arac\u0131l\u0131\u011f\u0131yla \u2018T\u00fcrkeli27\u2019nin internete ba\u011fland\u0131\u011f\u0131 adresi belirleyen savc\u0131l\u0131k, Bar\u0131\u015f Yarkada\u015f\u2019\u0131n da ifadesine ba\u015fvurdu. Yorumu yapan ki\u015finin Danimarka\u2019dan ba\u011fland\u0131\u011f\u0131n\u0131n ortaya \u00e7\u0131kmas\u0131 \u00fczerine okura i\u015flem yap\u0131lmazken, Yarkada\u015f\u2019a \u2018Cumhurba\u015fkan\u0131na yay\u0131n yoluyla hakaret\u2019 su\u00e7lamas\u0131yla be\u015f y\u0131l d\u00f6rt aya kadar hapis istemiyle dava a\u00e7\u0131ld\u0131. Ceza kesinle\u015firse Yarkada\u015f\u2019\u0131n kamusal haklar\u0131 da elinden al\u0131nacak. \u0130lk duru\u015fma, Kad\u0131k\u00f6y 7. Asliye Ceza Mahkemesi\u2019nde 3 Mart\u2019ta g\u00f6r\u00fclecek.<br \/>\nYarkada\u015f ayr\u0131ca, T\u00fcrkiye \u0130nsan Haklar\u0131 Vakf\u0131 (TH\u0130V) Ba\u015fkan\u0131 \u015eebnem Korur Fincanc\u0131 ile birlikte Adli T\u0131p 3. \u0130htisas Kurulu Ba\u015fkan\u0131 Prof. Dr. Nur Birgen\u2019e hakaretten 2.5 y\u0131la kadar hapis cezas\u0131 istemiyle yarg\u0131lan\u0131yor.<\/p>\n<p>Tek dava de\u011fil<br \/>\nHakaret olarak da, \u015eebnem Korur Fincanc\u0131\u2019n\u0131n www.gercekgundem.com. portal\u0131nda yay\u0131nlanan s\u00f6yle\u015fisinde, Susurluk san\u0131\u011f\u0131 \u0130brahim \u015eahin\u2019e \u2018hasta\u2019 raporu veren ve \u2018i\u015fkence bulgular\u0131n\u0131 gizledi\u011fi\u2019 iddias\u0131yla meslekten bir ay men cezas\u0131 alan Nur Birgen\u2019i, \u2018Hi\u00e7bir bilimsel, kendisini kan\u0131tlad\u0131\u011f\u0131 bir alan yok. Sadakatinin \u00f6d\u00fcl\u00fc herhalde!\u2019 diye ele\u015ftirmesi g\u00f6steriliyor.<br \/>\nYarkada\u015f, hakk\u0131nda a\u00e7\u0131lan davalar\u0131, \u2018Ne yazacak, ne s\u00f6yleyece\u011fiz? Tamamen susmam\u0131z m\u0131 isteniyor?\u2019 diye yorumluyor. Savc\u0131 Dursun Y\u0131lmaz\u2019\u0131n daha \u00f6nce Taraf gazetesi muhabiri Mehmet Baransu\u2019yu tutuklanmas\u0131 istemiyle mahkemeye sevk etti\u011fini an\u0131msatarak, \u2018Baransu ile ayn\u0131 mahkemede yarg\u0131lan\u0131yoruz. D\u00fcnya g\u00f6r\u00fc\u015flerimiz taban tabana z\u0131t. Ama ceza yasalar\u0131 hi\u00e7birimizin konu\u015fmas\u0131na izin vermiyor\u2019 dedi. Yarkada\u015f, \u015f\u00f6yle devam etti:<\/p>\n<p>\u2018Yorum\u2019 y\u00fcz\u00fcnden ceza olur mu?<br \/>\n\u2018T\u00fcrkiye\u2019de gazetecilik yapabilmek art\u0131k kahraman olmay\u0131 gerektiriyor. Ad\u0131n\u0131 bilmedi\u011fimiz, y\u00fcz\u00fcn\u00fc g\u00f6rmedi\u011fimiz bir ki\u015finin yapt\u0131\u011f\u0131 yorum y\u00fcz\u00fcnden hapis cezas\u0131yla yarg\u0131lan\u0131yoruz. Su\u00e7 duyurular\u0131 pe\u015f pe\u015fe geldi\u011fi i\u00e7in art\u0131k Cumhurba\u015fkan\u0131 Abdullah G\u00fcl\u2019le ilgili haberlere yorum yap\u0131lmas\u0131na izin vermiyoruz. Haberleri yoruma kapat\u0131yoruz. Bunun ad\u0131 oto-sans\u00fcrd\u00fcr. Ne yaz\u0131k ki; ger\u00e7ek bu. Art\u0131k bizim sitemizde, www.gercekgundem.com\u2019da hi\u00e7 kimse G\u00fcl hakk\u0131nda yorum yapam\u0131yor. \u00c7\u00fcnk\u00fc hakk\u0131m\u0131zda bir\u00e7ok su\u00e7 duyurusu var.\u2019 &#8220;<\/p>\n<p>(Via <a href=\"\"><\/a>.)<\/p>\n","protected":false},"excerpt":{"rendered":"<p>Ger\u00e7ek G\u00fcndem konusu ile ilgili Radikal&#8217;in 22 Ocak 2010 tarihli haberi&#8230; K\u00f6\u015fk, sanal \u00e2lemde 10 Bek\u00e7i Murtaza g\u00fcc\u00fcnde \/ T\u00fcrkiye \/ Radikal \u0130nternet 22\/01\/2010 08:25 Bir okur, internet sitesindeki habere Cumhurba\u015fkan\u0131 Abdullah G\u00fcl i\u00e7in &#8216;Devletin onurunu ayaklar alt\u0131na ald\u0131n\u0131z&#8217; yazd\u0131. Sitenin sahibi be\u015f y\u0131l hapisle yarg\u0131lan\u0131yor \u0130SMA\u0130L SAYMAZ \u0130STANBUL &#8211; Cumhurba\u015fkanl\u0131\u011f\u0131, \u2018www.gercekgundem.com\u2019 adl\u0131 internet haber portal\u0131ndaki haberin alt\u0131na Cumhurba\u015fkan\u0131 Abdullah&#8230;<\/p>\n","protected":false},"author":1,"featured_media":0,"comment_status":"open","ping_status":"closed","sticky":false,"template":"","format":"standard","meta":{"jetpack_post_was_ever_published":false,"_jetpack_newsletter_access":"","_jetpack_dont_email_post_to_subs":false,"_jetpack_newsletter_tier_id":0,"_jetpack_memberships_contains_paywalled_content":false,"_jetpack_memberships_contains_paid_content":false,"footnotes":"","jetpack_publicize_message":"","jetpack_publicize_feature_enabled":true,"jetpack_social_post_already_shared":false,"jetpack_social_options":{"image_generator_settings":{"template":"highway","default_image_id":0,"font":"","enabled":false},"version":2}},"categories":[134,5,133,28,67],"tags":[],"class_list":["post-914","post","type-post","status-publish","format-standard","hentry","category-cumhurbaskanligi","category-dusunce-ozgurlugu","category-gercek-gundem","category-hakaret","category-turkiye"],"jetpack_publicize_connections":[],"jetpack_featured_media_url":"","jetpack_sharing_enabled":true,"jetpack_shortlink":"https:\/\/wp.me\/p7wjA8-eK","jetpack-related-posts":[],"_links":{"self":[{"href":"https:\/\/privacy.cyber-rights.org.tr\/index.php?rest_route=\/wp\/v2\/posts\/914","targetHints":{"allow":["GET"]}}],"collection":[{"href":"https:\/\/privacy.cyber-rights.org.tr\/index.php?rest_route=\/wp\/v2\/posts"}],"about":[{"href":"https:\/\/privacy.cyber-rights.org.tr\/index.php?rest_route=\/wp\/v2\/types\/post"}],"author":[{"embeddable":true,"href":"https:\/\/privacy.cyber-rights.org.tr\/index.php?rest_route=\/wp\/v2\/users\/1"}],"replies":[{"embeddable":true,"href":"https:\/\/privacy.cyber-rights.org.tr\/index.php?rest_route=%2Fwp%2Fv2%2Fcomments&post=914"}],"version-history":[{"count":1,"href":"https:\/\/privacy.cyber-rights.org.tr\/index.php?rest_route=\/wp\/v2\/posts\/914\/revisions"}],"predecessor-version":[{"id":915,"href":"https:\/\/privacy.cyber-rights.org.tr\/index.php?rest_route=\/wp\/v2\/posts\/914\/revisions\/915"}],"wp:attachment":[{"href":"https:\/\/privacy.cyber-rights.org.tr\/index.php?rest_route=%2Fwp%2Fv2%2Fmedia&parent=914"}],"wp:term":[{"taxonomy":"category","embeddable":true,"href":"https:\/\/privacy.cyber-rights.org.tr\/index.php?rest_route=%2Fwp%2Fv2%2Fcategories&post=914"},{"taxonomy":"post_tag","embeddable":true,"href":"https:\/\/privacy.cyber-rights.org.tr\/index.php?rest_route=%2Fwp%2Fv2%2Ftags&post=914"}],"curies":[{"name":"wp","href":"https:\/\/api.w.org\/{rel}","templated":true}]}}