{"id":930,"date":"2010-04-11T17:39:33","date_gmt":"2010-04-11T14:39:33","guid":{"rendered":"http:\/\/privacy.cyber-rights.org.tr\/?p=930"},"modified":"2010-04-11T17:39:37","modified_gmt":"2010-04-11T14:39:37","slug":"bianet-gazeteciler-ayrimcilikla-mucadele-edebilir-etmeli-de","status":"publish","type":"post","link":"https:\/\/privacy.cyber-rights.org.tr\/?p=930","title":{"rendered":"Bianet: Gazeteciler Ayr\u0131mc\u0131l\u0131kla M\u00fccadele Edebilir, Etmeli de"},"content":{"rendered":"<p><a href=\"http:\/\/www.bianet.org\/bianet\/insan-haklari\/121248-gazeteciler-ayrimcilikla-mucadele-edebilir-etmeli-de\">Bianet :: Gazeteciler Ayr\u0131mc\u0131l\u0131kla M\u00fccadele Edebilir, Etmeli de<\/a><\/p>\n<p>NEFRET SU\u00c7LARI VE NEFRET S\u00d6YLEM\u0130 KONFERANSI<br \/>\nGazeteciler Ayr\u0131mc\u0131l\u0131kla M\u00fccadele Edebilir, Etmeli de<\/p>\n<p>&#8220;Ayr\u0131mc\u0131l\u0131k ve nefretin medya hali&#8221; panelinde Slovenya&#8217;dan Petkovic az\u0131nl\u0131klar\u0131n g\u00fc\u00e7lendirilmesi ve s\u00f6z s\u00f6yleme haklar\u0131; Fransa&#8217;dan Blion gazeteciler k\u00fclt\u00fcrleraras\u0131 diyalog i\u00e7in bir araya gelme yollar\u0131n\u0131 ara\u015ft\u0131rmas\u0131 gere\u011fi; bianet&#8217;ten Korkut hak habercili\u011fi ve bar\u0131\u015f gazetecili\u011fi teknikleri, Do\u00e7. Dr. Akdeniz de \u0130nternet&#8217;teki \u0131rk\u00e7\u0131 i\u00e7erik \u00fczerine konu\u015ftu.<\/p>\n<p>\u0130stanbul &#8211; B\u0130A Haber Merkezi, 11 Nisan 2010, Pazar<\/p>\n<p>&#8220;Nefret S\u00f6ylemi ve Nefret Su\u00e7lar\u0131 Konferans\u0131&#8221;n\u0131n &#8220;Ayr\u0131mc\u0131l\u0131k ve nefretin medya hali&#8221; oturumunda konu\u015fan aktivist, gazeteci ve akademisyenler, gazetecilerin ayr\u0131mc\u0131l\u0131kla m\u00fccadele edebilece\u011fini, etmesi gerekti\u011fini vurgulad\u0131.<\/p>\n<p>Uluslararas\u0131 Hrant Dink Vakf\u0131&#8217;n\u0131n Bilgi \u00dcniversitesi&#8217;nde d\u00fczenledi\u011fi konferans\u0131n d\u00fcnk\u00fc (10 Nisan) son oturumunda konu\u015fan, Slovenya&#8217;daki Ljubljana Bar\u0131\u015f Enstit\u00fcs\u00fc&#8217;nden Brankica Petkovic, \u00fclkesinde medyada Romanlara y\u00f6nelik ayr\u0131mc\u0131l\u0131\u011f\u0131 nas\u0131l izlediklerini aktard\u0131.<\/p>\n<p>Medyan\u0131n Romanlara y\u00f6nelik \u0131rk\u00e7\u0131 dilinden, 2 milyon n\u00fcfuslu \u00fclkedeki yakla\u015f\u0131k 10 bin Roman\u0131 &#8220;toplum d\u00fczenine tehdit&#8221; olarak g\u00f6steri\u015finden bahseden Petkovic, buna kar\u015f\u0131l\u0131k haberlerde Romanlar\u0131n kendi s\u00f6zlerinin duyulmay\u0131\u015f\u0131na, &#8220;haklar\u0131nda konu\u015fuldu\u011funa&#8221; dikkat \u00e7ekti. T\u00fcrkiye&#8217;de Manisa Selendi&#8217;deki Romanlara y\u00f6nelik \u0131rk\u00e7\u0131 sald\u0131r\u0131n\u0131n bir benzerinin 2006&#8217;da Ambrus k\u00f6y\u00fcnde ya\u015fand\u0131\u011f\u0131n\u0131 ve medyadaki d\u0131\u015flaman\u0131n toplumsal d\u0131\u015flanmayla el ele y\u00fcr\u00fcd\u00fc\u011f\u00fcn\u00fc anlatt\u0131.<\/p>\n<p>&#8220;Az\u0131nl\u0131klar kendi s\u00f6zlerini s\u00f6yleyebilmeli&#8221;<\/p>\n<p>Petkovic medya izl\u015feme raporlar\u0131n\u0131n, istatistiklerin, yasal de\u011fi\u015fiklik ve etik kodlar\u0131n olu\u015fturulmas\u0131n\u0131n gazetecilerin tutumunu de\u011fi\u015ftirmekte etkili oldu\u011funu, ama yeterli olmad\u0131\u011f\u0131n\u0131 vurgulad\u0131. &#8220;Toplumla ve az\u0131nl\u0131klarla do\u011frudan \u00e7al\u0131\u015fmak ve az\u0131nl\u0131klar\u0131 g\u00fc\u00e7lendirmek, medyada s\u00f6zlerini s\u00f6ylemelerini sa\u011flamak gerek&#8221; dedi. Petkovic Romanlarla yap\u0131lan gazetecilik \u00e7al\u0131\u015fmalar\u0131n\u0131n sonucunda kendi radyolar\u0131n\u0131 kurduklar\u0131n\u0131 ayr\u0131ca kamu yay\u0131nc\u0131l\u0131\u011f\u0131 alan\u0131nda Romanlara \u00f6zel yay\u0131n ba\u015flad\u0131\u011f\u0131n\u0131 da aktard\u0131.<\/p>\n<p>Blion: Gazeteciler yeni yollar bulmak i\u00e7in bir araya gelmeli<\/p>\n<p>Reynald Blion, Avrupa Konseyi E\u011fitim, K\u00fclt\u00fcr, K\u00fclt\u00fcrel Miras, Spor ve Gen\u00e7lik \u00c7al\u0131\u015fmalar\u0131 M\u00fcd\u00fcrl\u00fc\u011f\u00fc&#8217;nde \u00e7al\u0131\u015f\u0131yor, Avrupa&#8217;daki &#8220;Ayr\u0131mc\u0131l\u0131\u011fa Kar\u015f\u0131 Ses \u00c7\u0131kar&#8221; kampanya ekibinde yer al\u0131yor.<\/p>\n<p>Ayr\u0131mc\u0131l\u0131\u011f\u0131n temelde az\u0131nl\u0131k haklar\u0131yla ilgili bir konu oldu\u011funu tan\u0131mlayan Blion, Avrupa Konseyi organlar\u0131na bir ilkeler dizisi sunduklar\u0131n\u0131, ifade \u00f6zg\u00fcrl\u00fc\u011f\u00fcn\u00fcn ayr\u0131mc\u0131l\u0131k s\u00f6z konusu oldu\u011funda g\u00f6reli bir hak oldu\u011funu, ayr\u0131mc\u0131l\u0131\u011f\u0131n yasaklanmas\u0131, az\u0131nl\u0131klar\u0131n medyaya eri\u015fiminin sa\u011flanmas\u0131 gerekti\u011fini anlatt\u0131. Blion ilkelerden birinin de medyan\u0131n devlet erki olmaks\u0131z\u0131n, okur\/izleyicilerin kat\u0131l\u0131m\u0131yla kendisini d\u00fczenlemesi oldu\u011funu vurgulad\u0131.<\/p>\n<p>Kampanya kapsam\u0131nda kamu yay\u0131nc\u0131l\u0131\u011f\u0131nda hem i\u00e7erikte hem de istihdamda \u00e7e\u015fitlili\u011fi savunduklar\u0131n\u0131, gazetecilerle fark\u0131ndal\u0131k art\u0131rma \u00e7al\u0131\u015fmalar\u0131 yapt\u0131klar\u0131n\u0131 anlatan Blion, k\u00fclt\u00fcrleraaras\u0131 diyalog i\u00e7in yeni yollar ara\u015ft\u0131rmak i\u00e7in farkl\u0131 \u00fclkelerden gazetecileri bir araya getirerek at\u00f6lye \u00e7al\u0131\u015fmlaar\u0131 yapmas\u0131n\u0131n \u00f6nemine de dikkat \u00e7ekti.<\/p>\n<p>Korkut: Ayr\u0131mc\u0131l\u0131kla m\u00fccadele gazetecinin \u00f6devi<\/p>\n<p>bianet edit\u00f6rlerinden Tolga Korkut ayr\u0131mc\u0131l\u0131kla m\u00fccadelenin gazetecilerin \u00f6devi oldu\u011funu vurgulad\u0131; bunun i\u00e7in hak habercili\u011fi ve bar\u0131\u015f gazetecili\u011fi tekniklerinin nas\u0131l kullan\u0131labilece\u011fini anlatt\u0131.<\/p>\n<p>Gazetecilerin tarafs\u0131z de\u011fil, haklardan yana olmas\u0131n\u0131 \u00f6neren Korkut, ayr\u0131mc\u0131l\u0131\u011f\u0131 ve hak ihlallerini g\u00f6r\u00fcn\u00fcr k\u0131lman\u0131n, militarist, millliyet\u00e7i, eril, cinsiyet\u00e7i dili d\u00f6n\u00fc\u015ft\u00fcrmenin, hak taleplerini, m\u00fccadelelerini ve kazan\u0131mlar\u0131 haberle\u015ftirmenin, haberlerde toplumsal \u00e7e\u015fitlili\u011fi yans\u0131tman\u0131n \u00f6neminden bahsetti. Ayr\u0131mc\u0131l\u0131\u011f\u0131n ekonomik, k\u00fclt\u00fcrel ve sosyal haklar alan\u0131nda g\u00f6r\u00fcnmez k\u0131l\u0131nd\u0131\u011f\u0131n\u0131 s\u00f6yleyen Korkut, gazetecilerin ayr\u0131mc\u0131l\u0131\u011f\u0131n ekonomipoliti\u011fine odaklanmas\u0131n\u0131 da \u00f6nerdi.<\/p>\n<p>Akdeniz: \u0130nternet&#8217;te \u0131rk\u00e7\u0131 i\u00e7erik artt\u0131<\/p>\n<p>Bilgi \u00dcniversitesi&#8217;nden Do\u00e7. Dr. Yaman Akdeniz de 1995&#8217;ten bu yana \u0130nternet \u00fczerinde \u0131rk\u00e7\u0131 i\u00e7eri\u011fin art\u0131\u015f\u0131n\u0131 \u00f6rnekleriyle g\u00f6sterdi. \u00dclkelerin bu i\u00e7eri\u011fi engellemekle ilgili y\u00f6ntemlerde bir y\u00f6ntem birli\u011fine varmam\u0131\u015f oldu\u011funa, tart\u0131\u015fman\u0131n &#8220;ifade \u00f6zg\u00fcrl\u00fc\u011f\u00fc&#8221; boyutuna dikkat \u00e7eken Akdeniz, T\u00fcrkiye&#8217;nin hen\u00fcz imzalamad\u0131\u011f\u0131 Avrupa Konseyi Siber Su\u00e7lar S\u00f6zle\u015fmesi ve \u0131rk\u00e7\u0131, yabanc\u0131 d\u00fc\u015fman\u0131 i\u00e7eri\u011fi cezaland\u0131ran ek protokol\u00fcnden s\u00f6z etti.<\/p>\n<p>T\u00fcrkiye&#8217;nin de aralar\u0131nda oldu\u011fu \u00fclkelerin, eri\u015fim engelleme y\u00f6ntemini uygulay\u0131\u015f\u0131ndaki sorunlar\u0131 da g\u00fcndeme getiren Akdeniz, Telekom\u00fcnikasyon \u0130leti\u015fim Daire Ba\u015fkanl\u0131\u011f\u0131&#8217;n\u0131n May\u0131s 2009&#8217;dan beri eri\u015fime kapanan sitelerin istatisti\u011fini yay\u0131nlamad\u0131\u011f\u0131n\u0131, bilgi ednme hakk\u0131 kapsam\u0131nda da a\u00e7\u0131klamad\u0131\u011f\u0131n\u0131, may\u0131s ba\u015f\u0131 itibar\u0131yla 3 bine yak\u0131n sitenin eri\u015fime kapal\u0131 oldu\u011funu anlatt\u0131. Akdeniz T\u00fcrkiye&#8217;de eri\u015fime kapatma \u00f6l\u00e7\u00fctleri aras\u0131nda \u0131rk\u00e7\u0131l\u0131k ve ayr\u0131mc\u0131l\u0131\u011f\u0131n bulunmay\u0131\u015f\u0131na da dikkat \u00e7ekti. (TK)<\/p>\n<p>* Konferansla ve Uluslararas\u0131 Hrant Dink Vakf\u0131&#8217;n\u0131n nefret s\u00f6ylemi ve medyayla ilgili \u00e7al\u0131\u015fmalar\u0131 i\u00e7in: nefretsoylemi.org<\/p>\n","protected":false},"excerpt":{"rendered":"<p>Bianet :: Gazeteciler Ayr\u0131mc\u0131l\u0131kla M\u00fccadele Edebilir, Etmeli de NEFRET SU\u00c7LARI VE NEFRET S\u00d6YLEM\u0130 KONFERANSI Gazeteciler Ayr\u0131mc\u0131l\u0131kla M\u00fccadele Edebilir, Etmeli de &#8220;Ayr\u0131mc\u0131l\u0131k ve nefretin medya hali&#8221; panelinde Slovenya&#8217;dan Petkovic az\u0131nl\u0131klar\u0131n g\u00fc\u00e7lendirilmesi ve s\u00f6z s\u00f6yleme haklar\u0131; Fransa&#8217;dan Blion gazeteciler k\u00fclt\u00fcrleraras\u0131 diyalog i\u00e7in bir araya gelme yollar\u0131n\u0131 ara\u015ft\u0131rmas\u0131 gere\u011fi; bianet&#8217;ten Korkut hak habercili\u011fi ve bar\u0131\u015f gazetecili\u011fi teknikleri, Do\u00e7. Dr. Akdeniz de \u0130nternet&#8217;teki \u0131rk\u00e7\u0131&#8230;<\/p>\n","protected":false},"author":1,"featured_media":0,"comment_status":"open","ping_status":"closed","sticky":false,"template":"","format":"standard","meta":{"jetpack_post_was_ever_published":false,"_jetpack_newsletter_access":"","_jetpack_dont_email_post_to_subs":false,"_jetpack_newsletter_tier_id":0,"_jetpack_memberships_contains_paywalled_content":false,"_jetpack_memberships_contains_paid_content":false,"footnotes":"","jetpack_publicize_message":"","jetpack_publicize_feature_enabled":true,"jetpack_social_post_already_shared":false,"jetpack_social_options":{"image_generator_settings":{"template":"highway","default_image_id":0,"font":"","enabled":false},"version":2}},"categories":[5,93,67,78],"tags":[],"class_list":["post-930","post","type-post","status-publish","format-standard","hentry","category-dusunce-ozgurlugu","category-nefret-soylemi","category-turkiye","category-yaman-akdeniz"],"jetpack_publicize_connections":[],"jetpack_featured_media_url":"","jetpack_sharing_enabled":true,"jetpack_shortlink":"https:\/\/wp.me\/p7wjA8-f0","jetpack-related-posts":[],"_links":{"self":[{"href":"https:\/\/privacy.cyber-rights.org.tr\/index.php?rest_route=\/wp\/v2\/posts\/930","targetHints":{"allow":["GET"]}}],"collection":[{"href":"https:\/\/privacy.cyber-rights.org.tr\/index.php?rest_route=\/wp\/v2\/posts"}],"about":[{"href":"https:\/\/privacy.cyber-rights.org.tr\/index.php?rest_route=\/wp\/v2\/types\/post"}],"author":[{"embeddable":true,"href":"https:\/\/privacy.cyber-rights.org.tr\/index.php?rest_route=\/wp\/v2\/users\/1"}],"replies":[{"embeddable":true,"href":"https:\/\/privacy.cyber-rights.org.tr\/index.php?rest_route=%2Fwp%2Fv2%2Fcomments&post=930"}],"version-history":[{"count":1,"href":"https:\/\/privacy.cyber-rights.org.tr\/index.php?rest_route=\/wp\/v2\/posts\/930\/revisions"}],"predecessor-version":[{"id":931,"href":"https:\/\/privacy.cyber-rights.org.tr\/index.php?rest_route=\/wp\/v2\/posts\/930\/revisions\/931"}],"wp:attachment":[{"href":"https:\/\/privacy.cyber-rights.org.tr\/index.php?rest_route=%2Fwp%2Fv2%2Fmedia&parent=930"}],"wp:term":[{"taxonomy":"category","embeddable":true,"href":"https:\/\/privacy.cyber-rights.org.tr\/index.php?rest_route=%2Fwp%2Fv2%2Fcategories&post=930"},{"taxonomy":"post_tag","embeddable":true,"href":"https:\/\/privacy.cyber-rights.org.tr\/index.php?rest_route=%2Fwp%2Fv2%2Ftags&post=930"}],"curies":[{"name":"wp","href":"https:\/\/api.w.org\/{rel}","templated":true}]}}