{"id":934,"date":"2010-04-20T14:18:33","date_gmt":"2010-04-20T11:18:33","guid":{"rendered":"http:\/\/privacy.cyber-rights.org.tr\/?p=934"},"modified":"2010-04-20T14:18:40","modified_gmt":"2010-04-20T11:18:40","slug":"internette-ozgurlugun-sinirlari-new-yorkta-tartisildi-yasam-turkish","status":"publish","type":"post","link":"https:\/\/privacy.cyber-rights.org.tr\/?p=934","title":{"rendered":"Internet&#8217;te \u00d6zg\u00fcrl\u00fc\u011f\u00fcn S\u0131n\u0131rlar\u0131 New York&#8217;ta Tart\u0131\u015f\u0131ld\u0131 | Ya\u015fam | Turkish"},"content":{"rendered":"<p><a href=\"http:\/\/www1.voanews.com\/turkish\/news\/lifestyle\/Internette-Ozgurluun-Snrlar-New-Yorkta-Tartld-91065474.html\">Internet&#8217;te \u00d6zg\u00fcrl\u00fc\u011f\u00fcn S\u0131n\u0131rlar\u0131 New York&#8217;ta Tart\u0131\u015f\u0131ld\u0131 | Ya\u015fam | Turkish<\/a>: &#8220;Internet&#8217;te \u00d6zg\u00fcrl\u00fc\u011f\u00fcn S\u0131n\u0131rlar\u0131 New York&#8217;ta Tart\u0131\u015f\u0131ld\u0131<\/p>\n<p>New York&#8217;ta d\u00fczenlenen iki uluslararas\u0131 konferansta Internet&#8217;te ifade \u00f6zg\u00fcrl\u00fc\u011f\u00fcn\u00fcn s\u0131n\u0131rlar\u0131 ele al\u0131nd\u0131. Konferanslara T\u00fcrkiye&#8217;den kat\u0131lan Bilgi \u00dcniversitesi Hukuk Fak\u00fcltesi \u00d6\u011fretim \u00dcyesi Do\u00e7. Dr. Yaman Akdeniz ifade \u00f6zg\u00fcrl\u00fc\u011f\u00fcn\u00fcn yasal s\u0131n\u0131rlar\u0131yla ilgili sorular\u0131m\u0131z\u0131 yan\u0131tlad\u0131<\/p>\n<p>Melek Caglar 16 Nisan 2010<\/p>\n<p>\u0130fade \u00f6zg\u00fcrl\u00fckleri ve bu alandaki k\u0131s\u0131tlamalar Youtube, Twitter ve Facebook gibi sosyal payla\u015f\u0131m sitelerinin yayg\u0131nla\u015fmas\u0131yla yeni bir boyut kazand\u0131. Bat\u0131l\u0131 \u00fclkeler nefret s\u00f6ylemi gibi daha \u00e7ok bireyi ve bireylerin ki\u015filik haklar\u0131n\u0131 koruma ama\u00e7l\u0131 k\u0131s\u0131tlamalara y\u00f6neliyor. \u00c7in ve \u0130ran gibi bask\u0131c\u0131 \u00fclkeler de mevcut rejime tehdit olu\u015fturaca\u011f\u0131 gerek\u00e7esiyle Internet \u00f6zg\u00fcrl\u00fc\u011f\u00fcn\u00fc olabildi\u011fince k\u0131s\u0131tlamay\u0131 hedefliyor. New York\u2019ta d\u00fczenlenen iki uluslararas\u0131 konferansta Internet\u2019te ifade \u00f6zg\u00fcrl\u00fc\u011f\u00fcn\u00fcn ve k\u0131s\u0131tlamalar\u0131n\u0131n yasal s\u0131n\u0131rlar\u0131 tart\u0131\u015f\u0131ld\u0131. Konferansa T\u00fcrkiye\u2019den kat\u0131lan B<a href=\"http:\/\/www.voanews.com\/MediaAssets2\/turkish\/2010_04\/INT%20WITH%20AKDENIZ.wmv\">ilgi \u00dcniversitesi Hukuk Fak\u00fcltesi \u00d6\u011fretim \u00dcyesi Do\u00e7. Dr. Yaman Akdeniz, Melek \u00c7a\u011flar\u2019\u0131n sorular\u0131n\u0131 yan\u0131tlad\u0131<\/a>.&#8221;<\/p>\n","protected":false},"excerpt":{"rendered":"<p>Internet&#8217;te \u00d6zg\u00fcrl\u00fc\u011f\u00fcn S\u0131n\u0131rlar\u0131 New York&#8217;ta Tart\u0131\u015f\u0131ld\u0131 | Ya\u015fam | Turkish: &#8220;Internet&#8217;te \u00d6zg\u00fcrl\u00fc\u011f\u00fcn S\u0131n\u0131rlar\u0131 New York&#8217;ta Tart\u0131\u015f\u0131ld\u0131 New York&#8217;ta d\u00fczenlenen iki uluslararas\u0131 konferansta Internet&#8217;te ifade \u00f6zg\u00fcrl\u00fc\u011f\u00fcn\u00fcn s\u0131n\u0131rlar\u0131 ele al\u0131nd\u0131. Konferanslara T\u00fcrkiye&#8217;den kat\u0131lan Bilgi \u00dcniversitesi Hukuk Fak\u00fcltesi \u00d6\u011fretim \u00dcyesi Do\u00e7. Dr. Yaman Akdeniz ifade \u00f6zg\u00fcrl\u00fc\u011f\u00fcn\u00fcn yasal s\u0131n\u0131rlar\u0131yla ilgili sorular\u0131m\u0131z\u0131 yan\u0131tlad\u0131 Melek Caglar 16 Nisan 2010 \u0130fade \u00f6zg\u00fcrl\u00fckleri ve bu alandaki k\u0131s\u0131tlamalar Youtube,&#8230;<\/p>\n","protected":false},"author":1,"featured_media":0,"comment_status":"open","ping_status":"closed","sticky":false,"template":"","format":"standard","meta":{"jetpack_post_was_ever_published":false,"_jetpack_newsletter_access":"","_jetpack_dont_email_post_to_subs":false,"_jetpack_newsletter_tier_id":0,"_jetpack_memberships_contains_paywalled_content":false,"_jetpack_memberships_contains_paid_content":false,"footnotes":"","jetpack_publicize_message":"","jetpack_publicize_feature_enabled":true,"jetpack_social_post_already_shared":false,"jetpack_social_options":{"image_generator_settings":{"template":"highway","default_image_id":0,"font":"","enabled":false},"version":2}},"categories":[22,5,21,3,67,78,4],"tags":[],"class_list":["post-934","post","type-post","status-publish","format-standard","hentry","category-5651-nolu-kanun","category-dusunce-ozgurlugu","category-erisim-engelleme","category-sansur","category-turkiye","category-yaman-akdeniz","category-youtube"],"jetpack_publicize_connections":[],"jetpack_featured_media_url":"","jetpack_sharing_enabled":true,"jetpack_shortlink":"https:\/\/wp.me\/p7wjA8-f4","jetpack-related-posts":[],"_links":{"self":[{"href":"https:\/\/privacy.cyber-rights.org.tr\/index.php?rest_route=\/wp\/v2\/posts\/934","targetHints":{"allow":["GET"]}}],"collection":[{"href":"https:\/\/privacy.cyber-rights.org.tr\/index.php?rest_route=\/wp\/v2\/posts"}],"about":[{"href":"https:\/\/privacy.cyber-rights.org.tr\/index.php?rest_route=\/wp\/v2\/types\/post"}],"author":[{"embeddable":true,"href":"https:\/\/privacy.cyber-rights.org.tr\/index.php?rest_route=\/wp\/v2\/users\/1"}],"replies":[{"embeddable":true,"href":"https:\/\/privacy.cyber-rights.org.tr\/index.php?rest_route=%2Fwp%2Fv2%2Fcomments&post=934"}],"version-history":[{"count":1,"href":"https:\/\/privacy.cyber-rights.org.tr\/index.php?rest_route=\/wp\/v2\/posts\/934\/revisions"}],"predecessor-version":[{"id":935,"href":"https:\/\/privacy.cyber-rights.org.tr\/index.php?rest_route=\/wp\/v2\/posts\/934\/revisions\/935"}],"wp:attachment":[{"href":"https:\/\/privacy.cyber-rights.org.tr\/index.php?rest_route=%2Fwp%2Fv2%2Fmedia&parent=934"}],"wp:term":[{"taxonomy":"category","embeddable":true,"href":"https:\/\/privacy.cyber-rights.org.tr\/index.php?rest_route=%2Fwp%2Fv2%2Fcategories&post=934"},{"taxonomy":"post_tag","embeddable":true,"href":"https:\/\/privacy.cyber-rights.org.tr\/index.php?rest_route=%2Fwp%2Fv2%2Ftags&post=934"}],"curies":[{"name":"wp","href":"https:\/\/api.w.org\/{rel}","templated":true}]}}