{"id":959,"date":"2010-05-13T14:15:01","date_gmt":"2010-05-13T11:15:01","guid":{"rendered":"http:\/\/privacy.cyber-rights.org.tr\/?p=959"},"modified":"2010-05-13T14:15:05","modified_gmt":"2010-05-13T11:15:05","slug":"o-gece-sabaha-kadar-calistik-tesekkur-beklerdik-hurriyet","status":"publish","type":"post","link":"https:\/\/privacy.cyber-rights.org.tr\/?p=959","title":{"rendered":"O gece sabaha kadar \u00e7al\u0131\u015ft\u0131k, te\u015fekk\u00fcr beklerdik &#8211; H\u00fcrriyet"},"content":{"rendered":"<p><a href=\"http:\/\/www.hurriyet.com.tr\/gundem\/14710524.asp?gid=373\">O gece sabaha kadar \u00e7al\u0131\u015ft\u0131k, te\u015fekk\u00fcr beklerdik &#8211; H\u00fcrriyet<\/a><\/p>\n<p>13 May\u0131s 2010, Fatih \u00c7EK\u0130RGE<\/p>\n<p>Baykal&#8217;\u0131 istifaya g\u00f6t\u00fcren kasetin yay\u0131nland\u0131\u011f\u0131 gece neler ya\u015fand\u0131\u011f\u0131 sorusu yava\u015f yava\u015f ayd\u0131nlan\u0131yor.<\/p>\n<p>G\u00f6r\u00fcnt\u00fcleri gece boyu internet sitelerinden kald\u0131rtan Ula\u015ft\u0131rma Bakan\u0131 Binali Y\u0131ld\u0131r\u0131m&#8217;la konu\u015fuyoruz.<\/p>\n<p>Binali Bey o geceyi \u015f\u00f6yle anlat\u0131yor:<\/p>\n<p>&#8221;G\u00f6r\u00fcnt\u00fclerin internette yay\u0131nland\u0131\u011f\u0131n\u0131 \u00f6\u011frendi\u011fimiz an Say\u0131n Ba\u015fbakan &#8221;Bir \u015feyler yap\u0131n, derhal durdurun&#8221; dedi. Derhal Telekom\u00fcnikasyon \u0130leti\u015fim Ba\u015fkanl\u0131\u011f\u0131&#8217;n\u0131 (T\u0130B) arad\u0131m. Arkada\u015flar\u0131m\u0131z\u0131 yataklar\u0131ndan kald\u0131rt\u0131p bakanl\u0131\u011fa getirttik.&#8221;<\/p>\n<p>Binali Y\u0131ld\u0131r\u0131m bunlar\u0131 anlat\u0131rken masas\u0131ndan baz\u0131 ka\u011f\u0131tlar \u00e7\u0131kar\u0131p g\u00f6steriyor.<\/p>\n<p>Ka\u011f\u0131tlarda hangi internet sitesinde saat ka\u00e7ta m\u00fcdahale edildi\u011fi internet sitelerinin ana sayfalar\u0131n\u0131n kopyalar\u0131yla birlikte g\u00f6r\u00fcn\u00fcyor.<\/p>\n<p>Ula\u015ft\u0131rma Bakan\u0131 \u015f\u00f6yle devam ediyor:<\/p>\n<p>&#8221;Saat fark\u0131 oldu\u011fu i\u00e7in Amerika ile temaslar\u0131 biraz zorlanarak ba\u015flatabildik. Bu arada aram\u0131zda uluslararas\u0131 anla\u015fmalar yani siber anla\u015fma olmad\u0131\u011f\u0131 i\u00e7in tamamiyle ikili ili\u015fkilerle \u00e7\u00f6zebildik. \u00d6rne\u011fin Facebook&#8217;la, sonra Google ile&#8230; Ve en \u00f6nemlisi &#8216;metacafe&#8217; denilen o internet payla\u015f\u0131m sitesini g\u00fc\u00e7l\u00fckle bulduk. Yetkililerine ula\u015ft\u0131k. Tabi bunlar olurken zaman ge\u00e7ti. Bu arada arkada\u015flar\u0131m\u0131z T\u00fcrkiye giri\u015flerini kontrol alt\u0131na almaya \u00e7al\u0131\u015ft\u0131. Giri\u015flerin say\u0131s\u0131n\u0131 an be an kontrol ettiler. Nihayet &#8216;metacafe&#8217;ye de ula\u015f\u0131ld\u0131.&#8221;<\/p>\n<p>Binali Y\u0131ld\u0131r\u0131m o gece ya\u015fanan bu geli\u015fmeleri anlat\u0131rken duruyor ve \u015f\u00f6yle bir ifade kullan\u0131yor:<\/p>\n<p>&#8221;Say\u0131n Ba\u015fbakan bu konularda \u00e7ok hassast\u0131r. Sonu\u00e7ta bir \u00f6zel hayat meselesi var, aile meselesi var. Bu nedenle de ben an be an bilgi ald\u0131m.&#8221;<\/p>\n<p>G\u00dcN A\u011eARIRKEN<\/p>\n<p>Binali Bey, &#8221;g\u00f6r\u00fcnt\u00fc karartmas\u0131n\u0131n&#8221; sonraki b\u00f6l\u00fcmlerini ise \u015f\u00f6yle aktar\u0131yor:<\/p>\n<p>&#8221;Bu arada tabii arkada\u015flar\u0131m\u0131z irili ufakl\u0131 b\u00fct\u00fcn siteleri tar\u0131yorlar ve bulduklar\u0131 an IP adreslerini tespit ediyor ve rica ederek g\u00f6r\u00fcnt\u00fcleri kald\u0131rt\u0131yorlar. Bu \u00e7al\u0131\u015fma sabaha kadar s\u00fcr\u00fcyor. Do\u011frusu arkada\u015flar\u0131m\u0131z gece yar\u0131s\u0131ndan sabaha kadar inan\u0131lmayacak bir \u00f6zveri ile \u00e7al\u0131\u015ft\u0131lar. Bir merkezden y\u00fcr\u00fct\u00fclen bu olay, siber sorunlar i\u00e7in T\u0130B gibi bir kurumun ne kadar \u00f6nemli oldu\u011funu da ortaya koymu\u015ftur.&#8221;<\/p>\n<p>Sohbetin bu noktas\u0131nda Binali Bey&#8217;e soruyorum:<\/p>\n<p>&#8211; Peki Say\u0131n Baykal neden bu konuyla ilgili iktidar\u0131 su\u00e7luyor?<\/p>\n<p>Bakan Y\u0131ld\u0131r\u0131m bu soruya da b\u00fcy\u00fck bir a\u00e7\u0131k y\u00fcreklilikle \u015fu cevab\u0131 veriyor:<\/p>\n<p>&#8221;Do\u011frusu \u00e7ok \u015fa\u015f\u0131rd\u0131k. Bunu anlamak, izah etmek m\u00fcmk\u00fcn de\u011fil. \u0130\u015fte size anlatt\u0131m. Bizzat ya\u015fad\u0131\u011f\u0131m olaylar\u0131, Ba\u015fbakan\u0131m\u0131z\u0131n talimat\u0131n\u0131, olaya g\u00f6sterdi\u011fi hassassiyeti, sabaha kadar arkada\u015flar\u0131m\u0131z\u0131n nas\u0131l \u00e7al\u0131\u015ft\u0131\u011f\u0131n\u0131 anlatt\u0131m. Do\u011frusu bu yap\u0131lanlar i\u00e7in bir te\u015fekk\u00fcr beklerdik. En az\u0131ndan sabaha kadar \u00e7al\u0131\u015fan arkada\u015flar\u0131m\u0131z bir te\u015fekk\u00fcr beklerdi.&#8221;<\/p>\n<p>Evet gece yar\u0131s\u0131 ba\u015flayan ve T\u00fcrk siyasi hayat\u0131na damgas\u0131n\u0131 vuran kaset olay\u0131n\u0131n yank\u0131lar\u0131 s\u00fcr\u00fcyor.<\/p>\n<p>Deniz Baykal&#8217;\u0131n iktidar\u0131 sorumlu tuttu\u011fu a\u00e7\u0131klamalar\u0131n ard\u0131ndan &#8221;Peki o gece ne olmu\u015ftu&#8221; sorusu \u00f6nem kazanm\u0131\u015ft\u0131.<\/p>\n<p>O gece ne oldu\u011funu, siber operasyonu y\u00fcr\u00fcten Binali Y\u0131ld\u0131r\u0131m&#8217;dan dinledik.<\/p>\n<p>Sevgili okurlar gece yar\u0131s\u0131 bir g\u00f6r\u00fcnt\u00fcn\u00fcn ortaya \u00e7\u0131kmas\u0131yla ba\u015flayan  Deniz Baykal&#8217;\u0131n istifas\u0131na kadar giden ve Baykal&#8217;\u0131n iktidar\u0131 su\u00e7lamas\u0131yla bir iktidar-muhalefet \u00e7at\u0131\u015fmas\u0131na d\u00f6n\u00fc\u015fen ve bug\u00fcn CHP kulislerinde iki grup aras\u0131nda m\u00fccadeleyi ba\u015flatan olaylar dinmiyor.<\/p>\n<p>\u015eimdi Ankara&#8217;da CHP kulislerindeki ba\u015fkanl\u0131k yar\u0131\u015f\u0131n\u0131n, Deniz Baykal&#8217;\u0131n d\u00f6n\u00fcp d\u00f6nmeyece\u011fi sorusunun, \u00d6nder Sav&#8217;\u0131n parti te\u015fkilat\u0131nda yaratt\u0131\u011f\u0131 &#8216;psikolojik bask\u0131&#8217;n\u0131n foto\u011fraf\u0131n\u0131 \u00e7ekmeye devam ediyorum.<\/p>\n<p>Bug\u00fcn K\u0131l\u0131\u00e7daro\u011flu&#8217;nun ne yapaca\u011f\u0131 sorusunun izini s\u00fcrece\u011fiz.<\/p>\n<p>G\u00fcn i\u00e7inde g\u00f6r\u00fc\u015fmek \u00fczere&#8230;..<\/p>\n","protected":false},"excerpt":{"rendered":"<p>O gece sabaha kadar \u00e7al\u0131\u015ft\u0131k, te\u015fekk\u00fcr beklerdik &#8211; H\u00fcrriyet 13 May\u0131s 2010, Fatih \u00c7EK\u0130RGE Baykal&#8217;\u0131 istifaya g\u00f6t\u00fcren kasetin yay\u0131nland\u0131\u011f\u0131 gece neler ya\u015fand\u0131\u011f\u0131 sorusu yava\u015f yava\u015f ayd\u0131nlan\u0131yor. G\u00f6r\u00fcnt\u00fcleri gece boyu internet sitelerinden kald\u0131rtan Ula\u015ft\u0131rma Bakan\u0131 Binali Y\u0131ld\u0131r\u0131m&#8217;la konu\u015fuyoruz. Binali Bey o geceyi \u015f\u00f6yle anlat\u0131yor: &#8221;G\u00f6r\u00fcnt\u00fclerin internette yay\u0131nland\u0131\u011f\u0131n\u0131 \u00f6\u011frendi\u011fimiz an Say\u0131n Ba\u015fbakan &#8221;Bir \u015feyler yap\u0131n, derhal durdurun&#8221; dedi. Derhal Telekom\u00fcnikasyon \u0130leti\u015fim Ba\u015fkanl\u0131\u011f\u0131&#8217;n\u0131&#8230;<\/p>\n","protected":false},"author":1,"featured_media":0,"comment_status":"open","ping_status":"closed","sticky":false,"template":"","format":"standard","meta":{"jetpack_post_was_ever_published":false,"_jetpack_newsletter_access":"","_jetpack_dont_email_post_to_subs":false,"_jetpack_newsletter_tier_id":0,"_jetpack_memberships_contains_paywalled_content":false,"_jetpack_memberships_contains_paid_content":false,"footnotes":"","jetpack_publicize_message":"","jetpack_publicize_feature_enabled":true,"jetpack_social_post_already_shared":false,"jetpack_social_options":{"image_generator_settings":{"template":"highway","default_image_id":0,"font":"","enabled":false},"version":2}},"categories":[22,141,21,140,10,139,17,67],"tags":[],"class_list":["post-959","post","type-post","status-publish","format-standard","hentry","category-5651-nolu-kanun","category-baykal","category-erisim-engelleme","category-kisisel-haklar","category-mahremiyet","category-metacafe","category-tib","category-turkiye"],"jetpack_publicize_connections":[],"jetpack_featured_media_url":"","jetpack_sharing_enabled":true,"jetpack_shortlink":"https:\/\/wp.me\/p7wjA8-ft","jetpack-related-posts":[],"_links":{"self":[{"href":"https:\/\/privacy.cyber-rights.org.tr\/index.php?rest_route=\/wp\/v2\/posts\/959","targetHints":{"allow":["GET"]}}],"collection":[{"href":"https:\/\/privacy.cyber-rights.org.tr\/index.php?rest_route=\/wp\/v2\/posts"}],"about":[{"href":"https:\/\/privacy.cyber-rights.org.tr\/index.php?rest_route=\/wp\/v2\/types\/post"}],"author":[{"embeddable":true,"href":"https:\/\/privacy.cyber-rights.org.tr\/index.php?rest_route=\/wp\/v2\/users\/1"}],"replies":[{"embeddable":true,"href":"https:\/\/privacy.cyber-rights.org.tr\/index.php?rest_route=%2Fwp%2Fv2%2Fcomments&post=959"}],"version-history":[{"count":1,"href":"https:\/\/privacy.cyber-rights.org.tr\/index.php?rest_route=\/wp\/v2\/posts\/959\/revisions"}],"predecessor-version":[{"id":960,"href":"https:\/\/privacy.cyber-rights.org.tr\/index.php?rest_route=\/wp\/v2\/posts\/959\/revisions\/960"}],"wp:attachment":[{"href":"https:\/\/privacy.cyber-rights.org.tr\/index.php?rest_route=%2Fwp%2Fv2%2Fmedia&parent=959"}],"wp:term":[{"taxonomy":"category","embeddable":true,"href":"https:\/\/privacy.cyber-rights.org.tr\/index.php?rest_route=%2Fwp%2Fv2%2Fcategories&post=959"},{"taxonomy":"post_tag","embeddable":true,"href":"https:\/\/privacy.cyber-rights.org.tr\/index.php?rest_route=%2Fwp%2Fv2%2Ftags&post=959"}],"curies":[{"name":"wp","href":"https:\/\/api.w.org\/{rel}","templated":true}]}}