{"id":96,"date":"2008-08-25T21:52:19","date_gmt":"2008-08-25T18:52:19","guid":{"rendered":"http:\/\/privacy.cyber-rights.org.tr\/?p=96"},"modified":"2008-08-25T21:52:21","modified_gmt":"2008-08-25T18:52:21","slug":"telekulak-komisyonu-denetim-ve-guvenlik-diyece","status":"publish","type":"post","link":"https:\/\/privacy.cyber-rights.org.tr\/?p=96","title":{"rendered":"Telekulak Komisyonu &#8216;Denetim ve G\u00fcvenlik&#8217; Diyece"},"content":{"rendered":"<p><a href=\"http:\/\/www.turktime.com\/default.asp?page=haber&#038;id=28283\">T\u00fcrk Time | Ulusal Haber Portal\u0131<\/a>: &#8220;Telekulak Komisyonu &#8216;Denetim ve G\u00fcvenlik&#8217; Diyecek<\/p>\n<p>Meclis \u0130nsan Haklar\u0131n\u0131 \u0130nceleme Komisyonu b\u00fcnyesinde kurulan Telekulak alt komisyonu, \u00e7al\u0131\u015fmalar\u0131n\u0131 tamamlayarak rapor yaz\u0131m\u0131na ba\u015flarken, komisyonun raporunda da \u00f6zellikle dinleme kapasitesine sahip kurulu\u015flar\u0131n denetimi ve g\u00fcvenli\u011finin ciddi bir denetim mekanizmas\u0131na tabi tutulmas\u0131 gerekti\u011fi vurgulanacak.<\/p>\n<p><!--more--><br \/>\nMeclis \u0130nsan Haklar\u0131n\u0131 \u0130nceleme Komisyonu b\u00fcnyesinde kurulan Telekulak alt komisyonu, \u00e7al\u0131\u015fmalar\u0131n\u0131 tamamlayarak rapor yaz\u0131m\u0131na ba\u015flarken, komisyonun raporunda da \u00f6zellikle dinleme kapasitesine sahip kurulu\u015flar\u0131n denetimi ve g\u00fcvenli\u011finin ciddi bir denetim mekanizmas\u0131na tabi tutulmas\u0131 gerekti\u011fi vurgulanacak.<\/p>\n<p>CHP Genel Sekreteri \u00d6nder Sav\u2019\u0131n yasad\u0131\u015f\u0131 dinlendi\u011fi iddialar\u0131yla ba\u015flayan Telekulak tart\u0131\u015fmalar\u0131n\u0131n ard\u0131ndan, Meclis \u0130nsan Haklar\u0131 Komisyonu b\u00fcnyesinde bulunan &#8216;D\u00fc\u015f\u00fcnce, \u0130fade, Din ve Vicdan \u00d6zg\u00fcrl\u00fc\u011f\u00fc ile ilgili sorunlar\u0131n incelenmesi\u2019 amac\u0131yla kurulan alt komisyon taraf\u0131ndan y\u00fcr\u00fct\u00fclen \u00e7al\u0131\u015fmalar tamamland\u0131. Meclis\u2019te Sav\u2019\u0131n dinlendi\u011fi iddialar\u0131yla ilgili ara\u015ft\u0131rma komisyonu kurulmas\u0131 ve yap\u0131lan g\u00f6r\u00fc\u015fmelerde somut sonu\u00e7lara ula\u015f\u0131lamamas\u0131 nedeniyle k\u0131sa s\u00fcren \u00e7al\u0131\u015fmalar\u0131n ard\u0131ndan rapor yaz\u0131m\u0131na ge\u00e7ilirken, raporun da 1 Ekim\u2019de ba\u015flayacak 3\u2019nc\u00fc yasama y\u0131l\u0131n\u0131n ilk g\u00fcnlerinde \u0130nsan Haklar\u0131 Komisyonu\u2019na sunulmas\u0131 bekleniyor.<\/p>\n<p>Telekom\u00fcnikasyon Kurumu\u2019ndan uzmanlar ile Emniyet Genel M\u00fcd\u00fcrl\u00fc\u011f\u00fc \u0130stihbarat Daire Ba\u015fkan\u0131 Ramazan Aky\u00fcrek\u2019i dinleyen alt komisyon, raporunda ise telefon dinlemeleri konusunda ya\u015fanan iddialarla ilgili \u00f6zellikle dinleme kapasitesine sahip Telekom\u00fcnikasyon Kurumu, Jandarma, M\u0130T ve Emniyet gibi kurumlar\u0131n gerek denetimi gerekse de g\u00fcvenli\u011finin ciddi bir denetim mekanizmas\u0131na tabi tutulmas\u0131 gerekti\u011fi g\u00f6r\u00fc\u015f\u00fcn\u00fc dile getirecek.<\/p>\n<p>Alt komisyonun yapt\u0131\u011f\u0131 toplant\u0131larda Telekom\u00fcnikasyon Kurumu uzmanlar\u0131 &#8216;istenildi\u011finde istenildi\u011fi say\u0131da dinleme yap\u0131labilecek kapasiteye sahip bulundu\u011fu&#8217; bilgisini vermi\u015fti. Emniyet \u0130stihbarat Daire Ba\u015fkan\u0131 Ramazan Aky\u00fcrek ise telekulak yetkisini &#8216;e\u011fer yetki olmazsa faile me\u00e7huller artar&#8217; s\u00f6zleriyle savunmu\u015ftu. Aky\u00fcrek komisyonda ayr\u0131ca, &#8216;Biz dinlemelerimizi istihbari manada hukuka uygun olarak yapmaya gayret ediyoruz. Medyada \u00e7\u0131kan bizle ilgili iddialara bug\u00fcne kadar kat\u0131lm\u0131yoruz&#8217; g\u00f6r\u00fc\u015f\u00fcn\u00fc de dile getirmi\u015fti. &#8220;<\/p>\n","protected":false},"excerpt":{"rendered":"<p>T\u00fcrk Time | Ulusal Haber Portal\u0131: &#8220;Telekulak Komisyonu &#8216;Denetim ve G\u00fcvenlik&#8217; Diyecek Meclis \u0130nsan Haklar\u0131n\u0131 \u0130nceleme Komisyonu b\u00fcnyesinde kurulan Telekulak alt komisyonu, \u00e7al\u0131\u015fmalar\u0131n\u0131 tamamlayarak rapor yaz\u0131m\u0131na ba\u015flarken, komisyonun raporunda da \u00f6zellikle dinleme kapasitesine sahip kurulu\u015flar\u0131n denetimi ve g\u00fcvenli\u011finin ciddi bir denetim mekanizmas\u0131na tabi tutulmas\u0131 gerekti\u011fi vurgulanacak.<\/p>\n","protected":false},"author":1,"featured_media":0,"comment_status":"open","ping_status":"closed","sticky":false,"template":"","format":"standard","meta":{"jetpack_post_was_ever_published":false,"_jetpack_newsletter_access":"","_jetpack_dont_email_post_to_subs":false,"_jetpack_newsletter_tier_id":0,"_jetpack_memberships_contains_paywalled_content":false,"_jetpack_memberships_contains_paid_content":false,"footnotes":"","jetpack_publicize_message":"","jetpack_publicize_feature_enabled":true,"jetpack_social_post_already_shared":false,"jetpack_social_options":{"image_generator_settings":{"template":"highway","default_image_id":0,"font":"","enabled":false},"version":2}},"categories":[15,19,10,14],"tags":[],"class_list":["post-96","post","type-post","status-publish","format-standard","hentry","category-gizli-dinleme","category-izleme","category-mahremiyet","category-telekulak"],"jetpack_publicize_connections":[],"jetpack_featured_media_url":"","jetpack_sharing_enabled":true,"jetpack_shortlink":"https:\/\/wp.me\/p7wjA8-1y","jetpack-related-posts":[],"_links":{"self":[{"href":"https:\/\/privacy.cyber-rights.org.tr\/index.php?rest_route=\/wp\/v2\/posts\/96","targetHints":{"allow":["GET"]}}],"collection":[{"href":"https:\/\/privacy.cyber-rights.org.tr\/index.php?rest_route=\/wp\/v2\/posts"}],"about":[{"href":"https:\/\/privacy.cyber-rights.org.tr\/index.php?rest_route=\/wp\/v2\/types\/post"}],"author":[{"embeddable":true,"href":"https:\/\/privacy.cyber-rights.org.tr\/index.php?rest_route=\/wp\/v2\/users\/1"}],"replies":[{"embeddable":true,"href":"https:\/\/privacy.cyber-rights.org.tr\/index.php?rest_route=%2Fwp%2Fv2%2Fcomments&post=96"}],"version-history":[{"count":0,"href":"https:\/\/privacy.cyber-rights.org.tr\/index.php?rest_route=\/wp\/v2\/posts\/96\/revisions"}],"wp:attachment":[{"href":"https:\/\/privacy.cyber-rights.org.tr\/index.php?rest_route=%2Fwp%2Fv2%2Fmedia&parent=96"}],"wp:term":[{"taxonomy":"category","embeddable":true,"href":"https:\/\/privacy.cyber-rights.org.tr\/index.php?rest_route=%2Fwp%2Fv2%2Fcategories&post=96"},{"taxonomy":"post_tag","embeddable":true,"href":"https:\/\/privacy.cyber-rights.org.tr\/index.php?rest_route=%2Fwp%2Fv2%2Ftags&post=96"}],"curies":[{"name":"wp","href":"https:\/\/api.w.org\/{rel}","templated":true}]}}