{"id":963,"date":"2010-05-15T11:11:00","date_gmt":"2010-05-15T08:11:00","guid":{"rendered":"http:\/\/privacy.cyber-rights.org.tr\/?p=963"},"modified":"2010-05-15T11:11:03","modified_gmt":"2010-05-15T08:11:03","slug":"o-kasedi-yayimlayan-%e2%80%9cwebfatihi%e2%80%9d-gozaltinda-ntvmsnbc-com","status":"publish","type":"post","link":"https:\/\/privacy.cyber-rights.org.tr\/?p=963","title":{"rendered":"O kasedi yay\u0131mlayan \u201cwebfatihi\u201d g\u00f6zalt\u0131nda &#8211; ntvmsnbc.com"},"content":{"rendered":"<p><a href=\"http:\/\/www.ntvmsnbc.com\/id\/25095048\/\">O kasedi yay\u0131mlayan \u201cwebfatihi\u201d g\u00f6zalt\u0131nda &#8211; Polis Adliye- ntvmsnbc.com<\/a><\/p>\n<p>Deniz Baykal\u2019\u0131n CHP genel ba\u015fkanl\u0131\u011f\u0131ndan istifas\u0131na neden olan g\u00f6r\u00fcnt\u00fcleri internette yay\u0131mlayan \u2018webfatihi\u2019 rumuzlu ki\u015fi, Bursa\u2019da g\u00f6zalt\u0131na al\u0131nd\u0131.<br \/>\nntvmsnbc<\/p>\n<p>G\u00fcncelleme: 10:47 TS\u0130 15 May\u0131s. 2010 Cumartesi<\/p>\n<p>BURSA &#8211; H\u00fcrriyet gazetesinde yer alan habere g\u00f6re; Deniz Baykal\u2019\u0131n CHP genel ba\u015fkanl\u0131\u011f\u0131ndan istifas\u0131na neden olan g\u00f6r\u00fcnt\u00fcleri \u2018metacafe\u2019 isimli internet sitesine koyan \u2018webfatihi\u2019 rumuzlu kullan\u0131c\u0131 oldu\u011funu iddia eden H\u00fcseyin E. teslim oldu.<\/p>\n<p>H\u00fcseyin E.\u2019nin g\u00f6r\u00fcnt\u00fcleri internete kendisinin koydu\u011funu kabul etti\u011fi \u00f6\u011frenildi.<\/p>\n<p>Zanl\u0131, emniyetteki ilk ifadesinde \u2018Bu g\u00f6r\u00fcnt\u00fcleri internette s\u00f6rf yaparken buldum. Arkada\u015flar\u0131ma mail att\u0131m. Bu yolla yay\u0131ld\u0131\u2019 diye konu\u015ftu.<\/p>\n","protected":false},"excerpt":{"rendered":"<p>O kasedi yay\u0131mlayan \u201cwebfatihi\u201d g\u00f6zalt\u0131nda &#8211; Polis Adliye- ntvmsnbc.com Deniz Baykal\u2019\u0131n CHP genel ba\u015fkanl\u0131\u011f\u0131ndan istifas\u0131na neden olan g\u00f6r\u00fcnt\u00fcleri internette yay\u0131mlayan \u2018webfatihi\u2019 rumuzlu ki\u015fi, Bursa\u2019da g\u00f6zalt\u0131na al\u0131nd\u0131. ntvmsnbc G\u00fcncelleme: 10:47 TS\u0130 15 May\u0131s. 2010 Cumartesi BURSA &#8211; H\u00fcrriyet gazetesinde yer alan habere g\u00f6re; Deniz Baykal\u2019\u0131n CHP genel ba\u015fkanl\u0131\u011f\u0131ndan istifas\u0131na neden olan g\u00f6r\u00fcnt\u00fcleri \u2018metacafe\u2019 isimli internet sitesine koyan \u2018webfatihi\u2019 rumuzlu kullan\u0131c\u0131 oldu\u011funu&#8230;<\/p>\n","protected":false},"author":1,"featured_media":0,"comment_status":"open","ping_status":"closed","sticky":false,"template":"","format":"standard","meta":{"jetpack_post_was_ever_published":false,"_jetpack_newsletter_access":"","_jetpack_dont_email_post_to_subs":false,"_jetpack_newsletter_tier_id":0,"_jetpack_memberships_contains_paywalled_content":false,"_jetpack_memberships_contains_paid_content":false,"footnotes":"","jetpack_publicize_message":"","jetpack_publicize_feature_enabled":true,"jetpack_social_post_already_shared":false,"jetpack_social_options":{"image_generator_settings":{"template":"highway","default_image_id":0,"font":"","enabled":false},"version":2}},"categories":[141],"tags":[],"class_list":["post-963","post","type-post","status-publish","format-standard","hentry","category-baykal"],"jetpack_publicize_connections":[],"jetpack_featured_media_url":"","jetpack_sharing_enabled":true,"jetpack_shortlink":"https:\/\/wp.me\/p7wjA8-fx","jetpack-related-posts":[],"_links":{"self":[{"href":"https:\/\/privacy.cyber-rights.org.tr\/index.php?rest_route=\/wp\/v2\/posts\/963","targetHints":{"allow":["GET"]}}],"collection":[{"href":"https:\/\/privacy.cyber-rights.org.tr\/index.php?rest_route=\/wp\/v2\/posts"}],"about":[{"href":"https:\/\/privacy.cyber-rights.org.tr\/index.php?rest_route=\/wp\/v2\/types\/post"}],"author":[{"embeddable":true,"href":"https:\/\/privacy.cyber-rights.org.tr\/index.php?rest_route=\/wp\/v2\/users\/1"}],"replies":[{"embeddable":true,"href":"https:\/\/privacy.cyber-rights.org.tr\/index.php?rest_route=%2Fwp%2Fv2%2Fcomments&post=963"}],"version-history":[{"count":1,"href":"https:\/\/privacy.cyber-rights.org.tr\/index.php?rest_route=\/wp\/v2\/posts\/963\/revisions"}],"predecessor-version":[{"id":964,"href":"https:\/\/privacy.cyber-rights.org.tr\/index.php?rest_route=\/wp\/v2\/posts\/963\/revisions\/964"}],"wp:attachment":[{"href":"https:\/\/privacy.cyber-rights.org.tr\/index.php?rest_route=%2Fwp%2Fv2%2Fmedia&parent=963"}],"wp:term":[{"taxonomy":"category","embeddable":true,"href":"https:\/\/privacy.cyber-rights.org.tr\/index.php?rest_route=%2Fwp%2Fv2%2Fcategories&post=963"},{"taxonomy":"post_tag","embeddable":true,"href":"https:\/\/privacy.cyber-rights.org.tr\/index.php?rest_route=%2Fwp%2Fv2%2Ftags&post=963"}],"curies":[{"name":"wp","href":"https:\/\/api.w.org\/{rel}","templated":true}]}}