{"id":965,"date":"2010-05-17T14:45:38","date_gmt":"2010-05-17T11:45:38","guid":{"rendered":"http:\/\/privacy.cyber-rights.org.tr\/?p=965"},"modified":"2010-05-17T14:45:44","modified_gmt":"2010-05-17T11:45:44","slug":"el-mundoya-erisim-engelleme-tehdidi","status":"publish","type":"post","link":"https:\/\/privacy.cyber-rights.org.tr\/?p=965","title":{"rendered":"El Mundo&#8217;ya eri\u015fim engelleme tehdidi"},"content":{"rendered":"<p><a href=\"http:\/\/www.alanyahaber.com\/haber-oku-4021-turkiye-basin-ozgurlugu-ve-sansur-konusunda.html\">T\u00fcrkiye bas\u0131n \u00f6zg\u00fcrl\u00fc\u011f\u00fc ve sans\u00fcr konusunda &#8211; Alanya Haber Sitesi-Alanya haberleri, Alanya anketi, Alanya`n\u0131n beldelerinden haberler, siyasi haberler, magazin haberleri, k\u00f6\u015fe yaz\u0131lar\u0131, Alanya ilanlar\u0131, Alanya rehberi, Haberci<\/a>: &#8220;T\u00fcrkiye bas\u0131n \u00f6zg\u00fcrl\u00fc\u011f\u00fc ve sans\u00fcr konusunda<\/p>\n<p>\u0130spanya&#8217;n\u0131n El Mundo gazetesi g\u00f6r\u00fcnt\u00fcleri yay\u0131nlamaya devam ediyor. Ula\u015ft\u0131rma Bakanl\u0131\u011f\u0131&#8217;n\u0131n El Mundo&#8217;ya \u2018G\u00f6r\u00fcnt\u00fcleri kald\u0131r\u2019 ultimatomuna kar\u015f\u0131 gazete, T\u00fcrkiye&#8217;nin bas\u0131n \u00f6zg\u00fcrl\u00fc\u011f\u00fc ve sans\u00fcr konusunda en geri \u00fclkelerden biri oldu\u011funu bildirerek videoyu kald\u0131rmay\u0131 reddetti.<\/p>\n<p>Eski sekreteri ve 2007&#8217;de milletvekili yapt\u0131\u011f\u0131 Nesrin Baytok ile yatak oras\u0131nda yakalanan CHP eski lideri Deniz Baykal&#8217;a ait video g\u00f6r\u00fcnt\u00fcleri T\u00fcrkiye ve \u0130spanya&#8217;n\u0131n aras\u0131n\u0131 a\u00e7t\u0131. Yatak odas\u0131 g\u00f6r\u00fcnt\u00fclerine T\u00fcrkiye s\u0131n\u0131rlar\u0131 i\u00e7erisinde yasak konulmas\u0131na ra\u011fmen, \u0130spanya&#8217;n\u0131n El Mundo gazetesi g\u00f6r\u00fcnt\u00fcleri yay\u0131nlamaya devam ediyor. Ula\u015ft\u0131rma Bakanl\u0131\u011f\u0131&#8217;n\u0131n El Mundo&#8217;ya \u2018G\u00f6r\u00fcnt\u00fcleri kald\u0131r\u2019 ultimatomuna kar\u015f\u0131 gazete, T\u00fcrkiye&#8217;nin bas\u0131n \u00f6zg\u00fcrl\u00fc\u011f\u00fc ve sans\u00fcr konusunda en geri \u00fclkelerden biri oldu\u011funu bildirerek videoyu kald\u0131rmay\u0131 reddetti. <\/p>\n<p>GAZETE TEHD\u0130T ED\u0130LM\u0130\u015e<\/p>\n<p>Konuyla ilgili olarak El Mundo&#8217;nun haberi \u015f\u00f6yle \u2018T\u00fcrkiye muhalefet liderinin sevgilisiyle video g\u00f6r\u00fcnt\u00fcleri nedeniyle ELMUNDO.es&#8217;e eri\u015filmesine engel koyacak<\/p>\n<p>T\u00fcrkiye Cumhuriyeti H\u00fck\u00fcmeti Sal\u0131 g\u00fcn\u00fc ELMUNDO.es&#8217;de yay\u0131nlanan video g\u00f6r\u00fcnt\u00fcl\u00fc haber sonras\u0131, e\u011fer yay\u0131ndan kendi iste\u011fimizle kald\u0131rmazsak \u00fclke i\u00e7inden ELMUNDO.es sayfalar\u0131na ula\u015f\u0131lmas\u0131n\u0131 engellemekle tehdit etti.<\/p>\n<p>B\u0130LG\u0130 \u0130LET\u0130\u015e\u0130M BA\u015eKANLI\u011eI UYARMI\u015e<\/p>\n<p>S\u00f6z konusu haber, mubabirimiz Fran Martinez&#8217;in T\u00fcrkiye&#8217;de muhalefet lideri Deniz Baykal&#8217;\u0131n eski sekreteri (\u015fimdiki milletvekili) Nesrin Baytok ile \u00e7\u0131plak g\u00f6r\u00fcnt\u00fclerinin yay\u0131nlanmas\u0131 sonras\u0131 parti ba\u015fkanl\u0131\u011f\u0131ndan istifa etmesini bildirdi\u011fi g\u00f6r\u00fcnt\u00fcl\u00fc haberdi. G\u00f6r\u00fcnt\u00fcler habervaktim.com adl\u0131 sitenin haberinden sonra bir\u00e7ok websayfas\u0131nda yer bulmu\u015ftu. H\u00fck\u00fcmete ba\u011fl\u0131 Bilgi \u0130leti\u015fim Teknoloji Ba\u015fkanl\u0131\u011f\u0131 taraf\u0131ndan imzal\u0131 ilk uyar\u0131 ELMUNDO&#8217;nun daha sonraki say\u0131s\u0131nda yer ald\u0131: \u2018S\u00f6z konusu haberin gidi\u015fat\u0131 konusunda \u00e7ok say\u0131da \u015fikayet al\u0131yoruz, haberinizin i\u00e7eri\u011fi T\u00fcrkiye&#8217;de yasak oldu\u011fu i\u00e7in bir saat i\u00e7inde yay\u0131ndan kald\u0131rman\u0131z\u0131 rica ediyoruz, aksi halde T\u00fcrkiye&#8217;den ula\u015f\u0131m\u0131n\u0131 hemen engelleyece\u011fiz.\u2019 <\/p>\n<p>TELEFONLA DA ARAMI\u015e<\/p>\n<p>Bir saatlik zaman s\u0131n\u0131r\u0131 websiteye eri\u015fimin kesintisi olmaks\u0131z\u0131n ge\u00e7ti. Ard\u0131ndan, Per\u015fembe g\u00fcn\u00fc bu kurumun bir g\u00f6revlisi ELMUNDO&#8217;yu arayarak ayn\u0131 ultimatomu bu kez s\u00f6zl\u00fc olarak verdi: \u2018\u0130\u00e7erdi\u011fi g\u00f6r\u00fcnt\u00fcler, bir siyasal parti liderimizin \u00f6zel ya\u015fant\u0131s\u0131n\u0131 ihlal i\u00e7ermektedir. Bu da 5651 numaral\u0131 yasan\u0131n ihlalini varsayar&#8217; diyordu Telekom\u00fcnikasyon Ba\u015fkanl\u0131\u011f\u0131n\u0131n g\u00f6revlisi oldu\u011funu s\u00f6yleyen Mutlu Cerit. <\/p>\n<p>EL MUNDO&#8217;YA &#8216;M\u00dcSTEHCENL\u0130K&#8217; UYARISI<\/p>\n<p>S\u00f6z konusu 5651 nolu yasa 2007&#8217;de T\u00fcrkiyede parlamento taraf\u0131ndan onayland\u0131 ve websitelerinin i\u00e7eri\u011finin su\u00e7 i\u00e7ermemesi, yasakl\u0131 madde ticaretinin ve fuhu\u015fun yap\u0131lmamas\u0131 ve Cumhuriyetin kurucusu Mustafa Kemal Ataturk&#8217;e hakaret edilmemesi vb konular\u0131 d\u00fczenliyordu. Bu yasaya dayanarak mahkeme karar\u0131 ya da Telekom\u00fcnikason Konseyi karar\u0131yla herhangi bir websayfas\u0131na ula\u015f\u0131ma engel konulabiliyordu. Cerit&#8217;e g\u00f6re, ELMUNDO&#8217;nun haberindeki g\u00f6r\u00fcnt\u00fc &#8216;m\u00fcstehcenlik&#8217; i\u00e7erdi\u011fi i\u00e7in yasay\u0131 ihlal ediyordu. Bu kez iki saat i\u00e7inde g\u00f6r\u00fcnt\u00fcler \u00e7\u0131kar\u0131lmazsa, T\u00fcrkiye&#8217;den engellenece\u011fini bildirerek tehditte bulundu.<\/p>\n<p>BASIN \u00d6ZG\u00dcRL\u00dc\u011e\u00dcNE GET\u0130R\u0130LEN KISITLAMALAR<\/p>\n<p>S\u0131n\u0131r Tan\u0131mayan Muhabirler listesindeki s\u0131ralamaya g\u00f6re T\u00fcrkiye bas\u0131n \u00f6zg\u00fcrl\u00fc\u011f\u00fc a\u00e7\u0131s\u0131ndan 175 \u00fclke aras\u0131nda 12. s\u0131rada. Oysa bir y\u0131l \u00f6nce 102. s\u0131radayd\u0131. Yazarlar Birli\u011fi verilerine g\u00f6re hala 40 civar\u0131nda gazeteci cezaevlerinde yat\u0131yor. Son 2 y\u0131lda Myspace ve Youtube ba\u015fta olmak \u00fczere 2601 websayfas\u0131 kapat\u0131ld\u0131. Fran Mart\u00ednez&#8217;in bildirdi\u011fine g\u00f6re s\u00f6z konusu video \u2018bu olay resmi olarak ara\u015ft\u0131r\u0131ld\u0131\u011f\u0131 i\u00e7in ve Senyor Baykal&#8217;\u0131n mahremiyeti nedeniyle&#8217; T\u00fcrkiye&#8217;de art\u0131k yasakl\u0131.<\/p>\n<p>kaynak:habervaktim.com<\/p>\n","protected":false},"excerpt":{"rendered":"<p>T\u00fcrkiye bas\u0131n \u00f6zg\u00fcrl\u00fc\u011f\u00fc ve sans\u00fcr konusunda &#8211; Alanya Haber Sitesi-Alanya haberleri, Alanya anketi, Alanya`n\u0131n beldelerinden haberler, siyasi haberler, magazin haberleri, k\u00f6\u015fe yaz\u0131lar\u0131, Alanya ilanlar\u0131, Alanya rehberi, Haberci: &#8220;T\u00fcrkiye bas\u0131n \u00f6zg\u00fcrl\u00fc\u011f\u00fc ve sans\u00fcr konusunda \u0130spanya&#8217;n\u0131n El Mundo gazetesi g\u00f6r\u00fcnt\u00fcleri yay\u0131nlamaya devam ediyor. Ula\u015ft\u0131rma Bakanl\u0131\u011f\u0131&#8217;n\u0131n El Mundo&#8217;ya \u2018G\u00f6r\u00fcnt\u00fcleri kald\u0131r\u2019 ultimatomuna kar\u015f\u0131 gazete, T\u00fcrkiye&#8217;nin bas\u0131n \u00f6zg\u00fcrl\u00fc\u011f\u00fc ve sans\u00fcr konusunda en geri \u00fclkelerden biri&#8230;<\/p>\n","protected":false},"author":1,"featured_media":0,"comment_status":"open","ping_status":"closed","sticky":false,"template":"","format":"standard","meta":{"jetpack_post_was_ever_published":false,"_jetpack_newsletter_access":"","_jetpack_dont_email_post_to_subs":false,"_jetpack_newsletter_tier_id":0,"_jetpack_memberships_contains_paywalled_content":false,"_jetpack_memberships_contains_paid_content":false,"footnotes":"","jetpack_publicize_message":"","jetpack_publicize_feature_enabled":true,"jetpack_social_post_already_shared":false,"jetpack_social_options":{"image_generator_settings":{"template":"highway","default_image_id":0,"font":"","enabled":false},"version":2}},"categories":[22,141,21,17,67],"tags":[],"class_list":["post-965","post","type-post","status-publish","format-standard","hentry","category-5651-nolu-kanun","category-baykal","category-erisim-engelleme","category-tib","category-turkiye"],"jetpack_publicize_connections":[],"jetpack_featured_media_url":"","jetpack_sharing_enabled":true,"jetpack_shortlink":"https:\/\/wp.me\/p7wjA8-fz","jetpack-related-posts":[],"_links":{"self":[{"href":"https:\/\/privacy.cyber-rights.org.tr\/index.php?rest_route=\/wp\/v2\/posts\/965","targetHints":{"allow":["GET"]}}],"collection":[{"href":"https:\/\/privacy.cyber-rights.org.tr\/index.php?rest_route=\/wp\/v2\/posts"}],"about":[{"href":"https:\/\/privacy.cyber-rights.org.tr\/index.php?rest_route=\/wp\/v2\/types\/post"}],"author":[{"embeddable":true,"href":"https:\/\/privacy.cyber-rights.org.tr\/index.php?rest_route=\/wp\/v2\/users\/1"}],"replies":[{"embeddable":true,"href":"https:\/\/privacy.cyber-rights.org.tr\/index.php?rest_route=%2Fwp%2Fv2%2Fcomments&post=965"}],"version-history":[{"count":1,"href":"https:\/\/privacy.cyber-rights.org.tr\/index.php?rest_route=\/wp\/v2\/posts\/965\/revisions"}],"predecessor-version":[{"id":966,"href":"https:\/\/privacy.cyber-rights.org.tr\/index.php?rest_route=\/wp\/v2\/posts\/965\/revisions\/966"}],"wp:attachment":[{"href":"https:\/\/privacy.cyber-rights.org.tr\/index.php?rest_route=%2Fwp%2Fv2%2Fmedia&parent=965"}],"wp:term":[{"taxonomy":"category","embeddable":true,"href":"https:\/\/privacy.cyber-rights.org.tr\/index.php?rest_route=%2Fwp%2Fv2%2Fcategories&post=965"},{"taxonomy":"post_tag","embeddable":true,"href":"https:\/\/privacy.cyber-rights.org.tr\/index.php?rest_route=%2Fwp%2Fv2%2Ftags&post=965"}],"curies":[{"name":"wp","href":"https:\/\/api.w.org\/{rel}","templated":true}]}}