{"id":967,"date":"2010-05-18T11:56:02","date_gmt":"2010-05-18T08:56:02","guid":{"rendered":"http:\/\/privacy.cyber-rights.org.tr\/?p=967"},"modified":"2010-05-18T11:56:04","modified_gmt":"2010-05-18T08:56:04","slug":"aksam-gul-internetle-bulustu","status":"publish","type":"post","link":"https:\/\/privacy.cyber-rights.org.tr\/?p=967","title":{"rendered":"Ak\u015fam: G\u00fcl, &#8216;internetle&#8217; bulu\u015ftu"},"content":{"rendered":"<p><a href=\"http:\/\/www.aksam.com.tr\/2010\/05\/18\/haber\/guncel\/12719\/gul___internetle__bulustu.html\">G\u00fcl, &#8216;internetle&#8217; bulu\u015ftu<\/a><\/p>\n<p>18 MAYIS 2010, SALI<\/p>\n<p>Cumhurba\u015fkan\u0131 Abdullah G\u00fcl, \u0130nternet Medyas\u0131 Derne\u011fi \u00fcyeleriyle g\u00f6r\u00fc\u015ft\u00fc.<\/p>\n<p>abdullah_imdCumhurba\u015fkan\u0131 G\u00fcl, \u0130nternet Medyas\u0131 Derne\u011fi \u00fcyelerini Tarabya&#8217;daki Huber K\u00f6\u015fk\u00fcnde kabul ederek sorunlar\u0131n\u0131 dinledi. Toplant\u0131da s\u0131k\u0131nt\u0131lar anlat\u0131ld\u0131, \u015fampiyonluk ma\u00e7\u0131 konu\u015fuldu.<\/p>\n<p>Cumhurba\u015fkan\u0131 Abdullah G\u00fcl, \u0130nternet Medyas\u0131 Derne\u011fi \u00fcyelerini Tarabya&#8217;daki Huber K\u00f6\u015fk\u00fcnde kabul ederek sorunlar\u0131n\u0131 dinledi, s\u0131k\u0131nt\u0131lar hakk\u0131nda bilgi ald\u0131.<\/p>\n<p>\u0130nternet haber medyas\u0131 temsilcilerinin taleplerini kabul ederek, kendilerini Tarabya&#8217;da Huber K\u00f6\u015fk\u00fcne davet eden Cumhurba\u015fkan\u0131 G\u00fcl, &#8216; \u0130nternet medyas\u0131n\u0131n etkinli\u011finden habersiz olan\u0131n d\u00fcnyadan haberi yoktur&#8217; diyerek bu alanda \u00e7al\u0131\u015fanlar\u0131n her t\u00fcrl\u00fc yasal haklar\u0131n\u0131 kullanabilmesi i\u00e7in gereken d\u00fczenlemelerin ivedilikle yap\u0131lmas\u0131 gerekti\u011fini s\u00f6yledi.<\/p>\n<p>\u0130MD Ba\u015fkan\u0131 ve \u0130nternet Haber Yay\u0131n Grubu Ba\u015fkan\u0131 Hadi \u00d6z\u0131\u015f\u0131k, Gazetex.com ad\u0131na \u0130MD Genel Ba\u015fkan Yard\u0131mc\u0131s\u0131 F\u00fcgen Toks\u00fc, \u0130MD Y\u00f6netim kurulu \u00dcyesi ve Haber 7 Genel Yay\u0131n Y\u00f6netmeni \u00dcnal Tan\u0131k ad\u0131na Haber 7 Genel yay\u0131n Koordinat\u00f6r\u00fc Ya\u015far \u0130liksiz, Sporx.com ad\u0131na \u0130MD Y\u00f6netim Kurulu \u00dcyesi ve y\u00f6netici \u0130lkan G\u00f6ky\u0131lmaz, Logaritma Medya ad\u0131na \u0130MD Y\u00f6netim kurulu \u00fcyesi Ekin Muslu \u0130lyaso\u011flu ve Medyatakip.com ad\u0131na \u0130MD Y\u00f6netim Kurulu \u00fcyesi Halef Vayis, Haberturk.com ad\u0131na Mahmut Kur\u015fun ve G\u00fclin Y\u0131ld\u0131r\u0131mkaya, Haberx.com ad\u0131na Cemil Barlas, Mynethaber.com ad\u0131na \u00d6zlem Ulueren, NTVNBC.com ad\u0131na Ahmet Ye\u015filtepe, Gazeteport.com ad\u0131na Yavuz Semerci, Ensonhaber.com ad\u0131na Serkan Kalemciler, Haberler.com ad\u0131na Cengiz Temur, T24.com.tr ad\u0131na Do\u011fan Ak\u0131n, Objektifhaber.com Kadir \u00c7elik, Nethaber.com ad\u0131na Nevzat Bas\u0131m ve Haber3.com ad\u0131na Ayd\u0131n \u00d6zdalga&#8217;n\u0131n kat\u0131ld\u0131\u011f\u0131 toplant\u0131 yakla\u015f\u0131k bir saat s\u00fcrd\u00fc.<\/p>\n<p>\u0130nternet Medyas\u0131 Derne\u011fi Hadi \u00d6z\u0131\u015f\u0131k&#8217;\u0131n toplant\u0131ya kat\u0131lanlar ad\u0131na sorunlar\u0131n\u0131 dile getirdikleri dilekleri i\u00e7eren konu\u015fmas\u0131 ile ba\u015flayan toplant\u0131da internet medyas\u0131n\u0131n akreditasyon, ve kurumsal temsil konusu ile kendisine has sorunlar\u0131n\u0131n yasal \u00e7\u00f6z\u00fcm\u00fc i\u00e7in yap\u0131lan ba\u015fvurularda resmen tan\u0131nmalar\u0131n\u0131 sa\u011flayacak bir yasa bulunmad\u0131\u011f\u0131 ve bunun \u00e7\u00f6z\u00fclmesi gereken \u00f6ncelikli sorun oldu\u011fu dile getirildi.<\/p>\n<p>Son d\u00f6nemde ciddi haber siteleri ile baz\u0131 videolar\u0131 payla\u015fan sitelerin birbirine kar\u0131\u015ft\u0131r\u0131l\u0131r hale gelindi\u011fini dile getire n Hadi \u00d6z\u0131\u015f\u0131k, T\u00fcrkiye&#8217;de ciddi gazetecilik yapan internet sitelerinin hafife al\u0131nmaya \u00e7al\u0131\u015f\u0131lmas\u0131ndan duyulan rahats\u0131zl\u0131\u011f\u0131 iletti, kendilerinin de gazetecilik yapt\u0131\u011f\u0131n\u0131n alt\u0131nn \u00e7izerek, internet medyas\u0131yla ilgili yasan\u0131n \u00e7\u0131kar\u0131lmas\u0131 konusunda Cumhurba\u015fkan\u0131 Abdullah G\u00fcl&#8217;den destek istedi.<\/p>\n<p>Toplant\u0131ya kat\u0131lan \u0130nternet medyas\u0131 temsilcileri kendilerine sosyal haklar ve akreditasyon imkan\u0131 sa\u011flayan yasa \u00e7\u0131kar\u0131lmad\u0131\u011f\u0131 halde, yarg\u0131lama ve su\u00e7lanma a\u015famas\u0131nda medya kimli\u011finin tan\u0131nmas\u0131n\u0131n da \u00e7eli\u015fki oldu\u011funa dikkat \u00e7ektiler.<\/p>\n<p>Kendilerine Bas\u0131n Sigortas\u0131 kapsam\u0131na alacak ve sosyal g\u00fcvenlik haklar\u0131n\u0131 verecek yasas\u0131n \u00e7\u0131kart\u0131lmas\u0131n\u0131 isteyen internet medyas\u0131 mensuplar\u0131, ceza yasalar\u0131n\u0131n aleyhlerine \u00e7al\u0131\u015ft\u0131r\u0131lmas\u0131ndan \u015fikayet\u00e7i olarak, kurumsal ahlak ve sorumlulukla \u00e7al\u0131\u015fan haber sitelerinin yasalara uymas\u0131na ra\u011fmen s\u0131k\u0131nt\u0131 ya\u015fad\u0131\u011f\u0131n\u0131 ama kurumsal ahlak ve sorumluluk \u00fcstlenmeyen sitelerin yasal bo\u015fluklar\u0131 kullanarak rahatl\u0131kla hareket edebildi\u011fine dikkat \u00e7ektiler.<\/p>\n<p>\u00d6zellikle 5651 nolu yasadaki h\u00fck\u00fcmlerin yanl\u0131\u015f yorumundan dolay\u0131 hemen her habere tekzip hakk\u0131 kullanmaya \u00e7al\u0131\u015f\u0131ld\u0131\u011f\u0131n\u0131 belirten internet medyas\u0131 mensuplar\u0131, &#8216;\u0130\u015f o hale geldi ki mahkeme s\u00fcreci tamamland\u0131\u011f\u0131nda bizim hakl\u0131 \u00e7\u0131kt\u0131\u011f\u0131m\u0131z haberler i\u00e7in bizde tekzip yay\u0131nlanm\u0131\u015f oluyor&#8217; diyerek yasal s\u0131k\u0131nt\u0131n\u0131n giderilmesini talep ettiler.<\/p>\n","protected":false},"excerpt":{"rendered":"<p>G\u00fcl, &#8216;internetle&#8217; bulu\u015ftu 18 MAYIS 2010, SALI Cumhurba\u015fkan\u0131 Abdullah G\u00fcl, \u0130nternet Medyas\u0131 Derne\u011fi \u00fcyeleriyle g\u00f6r\u00fc\u015ft\u00fc. abdullah_imdCumhurba\u015fkan\u0131 G\u00fcl, \u0130nternet Medyas\u0131 Derne\u011fi \u00fcyelerini Tarabya&#8217;daki Huber K\u00f6\u015fk\u00fcnde kabul ederek sorunlar\u0131n\u0131 dinledi. Toplant\u0131da s\u0131k\u0131nt\u0131lar anlat\u0131ld\u0131, \u015fampiyonluk ma\u00e7\u0131 konu\u015fuldu. Cumhurba\u015fkan\u0131 Abdullah G\u00fcl, \u0130nternet Medyas\u0131 Derne\u011fi \u00fcyelerini Tarabya&#8217;daki Huber K\u00f6\u015fk\u00fcnde kabul ederek sorunlar\u0131n\u0131 dinledi, s\u0131k\u0131nt\u0131lar hakk\u0131nda bilgi ald\u0131. \u0130nternet haber medyas\u0131 temsilcilerinin taleplerini kabul ederek, kendilerini&#8230;<\/p>\n","protected":false},"author":1,"featured_media":0,"comment_status":"open","ping_status":"closed","sticky":false,"template":"","format":"standard","meta":{"jetpack_post_was_ever_published":false,"_jetpack_newsletter_access":"","_jetpack_dont_email_post_to_subs":false,"_jetpack_newsletter_tier_id":0,"_jetpack_memberships_contains_paywalled_content":false,"_jetpack_memberships_contains_paid_content":false,"footnotes":"","jetpack_publicize_message":"","jetpack_publicize_feature_enabled":true,"jetpack_social_post_already_shared":false,"jetpack_social_options":{"image_generator_settings":{"template":"highway","default_image_id":0,"font":"","enabled":false},"version":2}},"categories":[22,67],"tags":[],"class_list":["post-967","post","type-post","status-publish","format-standard","hentry","category-5651-nolu-kanun","category-turkiye"],"jetpack_publicize_connections":[],"jetpack_featured_media_url":"","jetpack_sharing_enabled":true,"jetpack_shortlink":"https:\/\/wp.me\/p7wjA8-fB","jetpack-related-posts":[],"_links":{"self":[{"href":"https:\/\/privacy.cyber-rights.org.tr\/index.php?rest_route=\/wp\/v2\/posts\/967","targetHints":{"allow":["GET"]}}],"collection":[{"href":"https:\/\/privacy.cyber-rights.org.tr\/index.php?rest_route=\/wp\/v2\/posts"}],"about":[{"href":"https:\/\/privacy.cyber-rights.org.tr\/index.php?rest_route=\/wp\/v2\/types\/post"}],"author":[{"embeddable":true,"href":"https:\/\/privacy.cyber-rights.org.tr\/index.php?rest_route=\/wp\/v2\/users\/1"}],"replies":[{"embeddable":true,"href":"https:\/\/privacy.cyber-rights.org.tr\/index.php?rest_route=%2Fwp%2Fv2%2Fcomments&post=967"}],"version-history":[{"count":1,"href":"https:\/\/privacy.cyber-rights.org.tr\/index.php?rest_route=\/wp\/v2\/posts\/967\/revisions"}],"predecessor-version":[{"id":968,"href":"https:\/\/privacy.cyber-rights.org.tr\/index.php?rest_route=\/wp\/v2\/posts\/967\/revisions\/968"}],"wp:attachment":[{"href":"https:\/\/privacy.cyber-rights.org.tr\/index.php?rest_route=%2Fwp%2Fv2%2Fmedia&parent=967"}],"wp:term":[{"taxonomy":"category","embeddable":true,"href":"https:\/\/privacy.cyber-rights.org.tr\/index.php?rest_route=%2Fwp%2Fv2%2Fcategories&post=967"},{"taxonomy":"post_tag","embeddable":true,"href":"https:\/\/privacy.cyber-rights.org.tr\/index.php?rest_route=%2Fwp%2Fv2%2Ftags&post=967"}],"curies":[{"name":"wp","href":"https:\/\/api.w.org\/{rel}","templated":true}]}}