{"id":971,"date":"2010-05-31T10:25:30","date_gmt":"2010-05-31T07:25:30","guid":{"rendered":"http:\/\/privacy.cyber-rights.org.tr\/?p=971"},"modified":"2010-05-31T10:25:35","modified_gmt":"2010-05-31T07:25:35","slug":"telekulak-milliyetin-santralinda-radikal-internet","status":"publish","type":"post","link":"https:\/\/privacy.cyber-rights.org.tr\/?p=971","title":{"rendered":"Telekulak, Milliyet&#8217;in santral\u0131nda \/ Radikal \u0130nternet"},"content":{"rendered":"<p><a href=\"http:\/\/www.radikal.com.tr\/Radikal.aspx?aType=RadikalDetay&#038;ArticleID=999820&#038;Date=31.05.2010&#038;CategoryID=77\">Telekulak, Milliyet&#8217;in santral\u0131nda \/ T\u00fcrkiye \/ Radikal \u0130nternet<\/a><\/p>\n<p>31\/05\/2010 8:03<\/p>\n<p>Eski Emniyet Genel M\u00fcd\u00fcr Yard\u0131mc\u0131s\u0131 Emin Arslan, Milliyet, Radikal, Posta ve Fanatik gazetelerinin ba\u011fl\u0131 oldu\u011fu santral\u0131n yasad\u0131\u015f\u0131 olarak dinlendi\u011fini s\u00f6ylerken yetkililerden ses \u00e7\u0131kmad\u0131. Bu iddiaya g\u00f6re 850 gazeteci dinlendi&#8230;<\/p>\n<p>ANKARA \/ \u0130STANBUL &#8211; Uyu\u015ftucu operasyonu kapsam\u0131nda tutuklanan ve \u00e7\u0131kar\u0131ld\u0131\u011f\u0131 ilk duru\u015fmada tahliye olan eski Emniyet Genel M\u00fcd\u00fcr Yard\u0131mc\u0131s\u0131 Emin Arslan\u2019\u0131n Milliyet gazetesi telefonlar\u0131n\u0131n dinlendi\u011fi y\u00f6n\u00fcndeki iddias\u0131 \u2018telekulak\u2019 tart\u0131\u015fmalar\u0131n\u0131 alevlendirdi. Arslan tahliye edildi\u011fi duru\u015fmada Hrant Dink cinayetiyle ilgili haberler nedeniyle Milleyet\u2019in IMEI numaralar\u0131n\u0131n dinlendi\u011fini s\u00f6ylemi\u015fti. Bu ayn\u0131 zamanda Milliyet binas\u0131nda \u00e7al\u0131\u015fan Posta, Radikal ve Fanatik gazetelerinde \u00e7al\u0131\u015fan 850 ki\u015finin de dinlenmi\u015f olabilece\u011fi ihtimalini do\u011furmu\u015ftu. Bu iddiayla ilgili hen\u00fcz resmi bir a\u00e7\u0131klama yap\u0131lmazken, gazeteci \u00f6rg\u00fctlerinden ve siyasilerden tepki geldi.<br \/>\n\u0130stanbul\u2019da yap\u0131lan son y\u0131llar\u0131n en b\u00fcy\u00fck uyu\u015fturucu operasyonunda \u00e7eteyle ba\u011flant\u0131s\u0131 oldu\u011fu \u00f6ne s\u00fcr\u00fclen Arslan tutuklanm\u0131\u015ft\u0131. Emin Arslan, \u00fc\u00e7 g\u00fcn \u00f6nce \u0130stanbul 9. A\u011f\u0131r Ceza Mahkemesi\u2019nde yarg\u0131\u00e7 kar\u015f\u0131s\u0131na \u00e7\u0131kt\u0131. Savunmas\u0131n\u0131 yaparken \u00f6nemli bir iddiay\u0131 g\u00fcndeme getirdi. Arslan, Dink cinayeti \u00fczerinde \u00e7al\u0131\u015ft\u0131\u011f\u0131n\u0131 ve ya\u015fad\u0131klar\u0131n\u0131n bununla ilgili oldu\u011funu \u00f6ne s\u00fcrerken, kendi telefonunun yan\u0131 s\u0131ra, bu konuda haberler yapan Milliyet\u2019in de dinlendi\u011fini iddia etti ve \u015f\u00f6yle dedi:<br \/>\n\u2018Emniyet i\u00e7indeki bir grubun adeleti yan\u0131ltarak IMEI numaras\u0131 (Uluslalaras\u0131 mobil cihaz kimli\u011fi) \u00fczerinden gazetecileri, siyaset\u00e7ileri, yarg\u0131y\u0131 ve b\u00fcrokratlar\u0131 dinledi\u011fine dair bilgiler geliyordu. IMEI numaras\u0131 \u00fczerinden dinleme yap\u0131lmamas\u0131 konusunda genel m\u00fcd\u00fcrl\u00fck toplant\u0131lar\u0131nda ele\u015ftirilerimi s\u00f6yl\u00fcyordum. Ama bu \u00f6nlenmedi. Aksine istihbarattan gelen \u00e7ocuklar 2008 A\u011fustos\u2019unda bana \u2018M\u00fcd\u00fcr\u00fcm siz telefonda dinlemelerden rahats\u0131zl\u0131\u011f\u0131n\u0131z\u0131 konu\u015fuyorsunuz ama sizin daire telefonu da dinleniyor, hatta Milliyet gazetesi de dinleniyor\u2019 dediler. Mahkeme talep etti\u011finde T\u0130B\u2019den t\u00fcm bilgiler ortaya \u00e7\u0131kacakt\u0131r.\u2019<\/p>\n<p>Hangi numara?<br \/>\nArslan\u2019\u0131n \u2018IMEI numaras\u0131n\u0131n kullan\u0131larak dinleme yap\u0131ld\u0131\u011f\u0131\u2019 iddias\u0131 da dinleme konusuna yeni bir boyut getirmi\u015f oldu.<br \/>\nIMEI numaras\u0131, ki\u015finin ad\u0131n\u0131n kay\u0131tl\u0131 oldu\u011fu de\u011fil, hatt\u0131n kullan\u0131ld\u0131\u011f\u0131 cihaz\u0131n numaras\u0131. Dolay\u0131s\u0131yla o cihaz\u0131 kullanan t\u00fcm hatlar yani ki\u015filer dinlenebiliyor. Milliyet binas\u0131nda 40\u2019dan fazla cep telefonu hatt\u0131 bulunuyor. Ve bu hatlar\u0131 yakla\u015f\u0131k 850 \u00e7al\u0131\u015fan rastgele kullan\u0131yor. IMEI numaras\u0131yla al\u0131nm\u0131\u015f bir mahkame karar\u0131 varsa, bu durumda t\u00fcm \u00e7al\u0131\u015fanlar\u0131n yapt\u0131\u011f\u0131 konu\u015fmalar\u0131n dinlendi\u011fi anlam\u0131na gelebiliyor. Yasal prosed\u00fcre g\u00f6re dinleme ancak mahkeme karar\u0131yla olabiliyor. Dinlemenin ba\u015flatabilmesi Telekom\u00fcnikasyon \u0130leti\u015fim Ba\u015fkanl\u0131\u011f\u0131\u2019ndan da (T\u0130B) onay laz\u0131m. Dinleme kay\u0131tlar\u0131 da yine sadece mahkemelerde kullan\u0131labiliyor. Bunun d\u0131\u015f\u0131nda yap\u0131lan dinleme ve takipler \u2018yasad\u0131\u015f\u0131\u2019 olarak kabul ediliyor ve mahkemelerce delil olarak kabul edilmiyor.<\/p>\n<p>Milliyet binas\u0131n\u0131n dinlenildi\u011fi iddias\u0131na tepkiler \u015f\u00f6yle:<br \/>\nT\u00fcrkiye Gazeteciler Sendikas\u0131 Ba\u015fkan\u0131 Ercan \u0130pek\u00e7i: \u2018Ergenekon\u2019u biz ortaya \u00e7\u0131kard\u0131k, derin g\u00fc\u00e7lere biz ula\u015ft\u0131k\u2019 diyen bir h\u00fck\u00fcmet ya da Ba\u015fbakan telefon dinlemelerinin sorumlulu\u011fundan kurtulamaz. Gazete santrallar\u0131n\u0131n, gazetecilerin telefonlar\u0131n\u0131n dinlemesinin bas\u0131nda ifade \u00f6zg\u00fcrl\u00fc\u011f\u00fc a\u00e7\u0131s\u0131ndan kabul edilebilir bir yan\u0131 yoktur.<br \/>\n\u00c7a\u011fda\u015f Gazeteciler Dene\u011fi Genel Ba\u015fkan\u0131 Ahmet Abakay: Bu durum, T\u00fcrkiye\u2019nin \u2018i\u00e7ler ac\u0131s\u0131, bilinen fakat \u00fczerine gidilmeyen\u2019 bir ger\u00e7e\u011fini ortaya koymu\u015ftur. Bu durumun sorumlusu AKP iktidar\u0131d\u0131r. \u00d6nce Cumhuriyet\u2019te ortaya \u00e7\u0131kt\u0131, \u015fimdi Milliyet\u2019te ayan beyan&#8230; D\u00fcnya biliyor, sa\u011f\u0131r sultan biliyor, ne hikmettir iktidar bilmiyor, \u00f6nlem de alm\u0131yor. \u00d6nlem almad\u0131\u011f\u0131n\u0131z s\u00fcrece de su\u00e7 orta\u011f\u0131s\u0131n\u0131z. Devletin dinleme ayg\u0131tlar\u0131n\u0131n bir sorumlusu olmal\u0131, bu T\u0130B midir? Adalet Bakan\u0131 m\u0131d\u0131r? Her kimse hesab\u0131n\u0131 yarg\u0131 \u00f6n\u00fcnde vermelidir.<br \/>\nBDP\u2019li Hasip Kaplan: Gizli dinlemeyle ilgili ben iki y\u0131l \u00f6nce Meclis\u2019te kanun teklifi verdim. Cezalar \u015fahsi \u015fik\u00e2yete ba\u011fl\u0131. B\u00f6yle olunca da herkes gizli dinleme yap\u0131yor, bunu \u00f6nlemenin yolu cayd\u0131r\u0131c\u0131 cezalar\u0131n korunmas\u0131d\u0131r. \u0130kincisi, bu dinlemeleri kim yap\u0131yor? Buradaki a\u00e7\u0131klamadan anla\u015f\u0131ld\u0131\u011f\u0131 gibi herkes herkesi dinliyor. Dinlemenin ortadan kald\u0131r\u0131lmas\u0131n\u0131n yolu \u00e7ok k\u0131sa&#8230; \u015e\u00f6yle \u00fc\u00e7 y\u0131l yat\u0131r\u0131n bakay\u0131m bir ki\u015fiyi, izinsiz yasas\u0131z mahkeme karar\u0131 olmadan gizli dinleme yap\u0131nca. Dinleme yap\u0131l\u0131yor mu yap\u0131lm\u0131yor mu?<br \/>\nMHP\u2019li Cihan Pa\u00e7ac\u0131: Anayasa a\u00e7\u0131k\u00e7a ihlal edilmektedir. Milliyet \u2018in dinleniyor olmas\u0131, haber niteli\u011fi ta\u015f\u0131m\u0131yor \u00e7\u00fcnk\u00fc bu t\u00fcr kurulu\u015flar\u0131n\u0131n hepsinin dinlendi\u011fi y\u00f6n\u00fcnde \u00e7ok yayg\u0131n bir kanaat var. AKP h\u00fck\u00fcmeti, T\u00fcrkiye\u2019de bir korku imparatorlu\u011fu kurmu\u015f durumda ve tedbir almaya da niyetli g\u00f6r\u00fcnm\u00fcyor.<\/p>\n<p>CHP lideri: Vahim durum<br \/>\nCHP Genel Ba\u015fkan\u0131 Kemal K\u0131l\u0131\u00e7daro\u011flu: Medyan\u0131n dinlenmesi, T\u00fcrkiye\u2019de haber alma \u00f6zg\u00fcrl\u00fc\u011f\u00fcn\u00fcn bile kontrol edildi\u011finin denetlendi\u011finin, \u00f6zg\u00fcr medyan\u0131n yok edilmek istendi\u011finin g\u00f6stergesidir. Bu dinlenme olay\u0131n\u0131n yarg\u0131 s\u00fcrecinin sonucunda ortaya \u00e7\u0131kmas\u0131 vahimdir, herhangi bir yarg\u0131 karar\u0131 olmadan, medyan\u0131n dinlenebilmesi daha da vahimdir. Dinleme, Dink suikastinin \u00fczerine gidildi\u011fi bir d\u00f6nemde ger\u00e7ekle\u015fmi\u015ftir, bu kararl\u0131l\u0131kla ayd\u0131nlatmak istenen bir olay\u0131 gizlemeye \u00e7al\u0131\u015fman\u0131n bir g\u00f6r\u00fcnt\u00fcs\u00fcd\u00fcr. Her yasad\u0131\u015f\u0131 dinlemeye ayr\u0131 tepki vermesi gereken iktidar\u0131n, bu konuda suskunlu\u011funu korumas\u0131 ise i\u015fin tart\u0131\u015f\u0131lmas\u0131 gereken ba\u015fka bir y\u00f6n\u00fcd\u00fcr.<br \/>\nCHP Genel Ba\u015fkan Yard\u0131mc\u0131s\u0131 Hakk\u0131 Suha Okay: Y\u0131llard\u0131r bu konunun T\u00fcrkiye\u2019de tart\u0131\u015fmas\u0131n\u0131 yap\u0131yorduk ama iktidar bunu hep ink\u00e2r ediyordu. Bunu yapanlar ve yapt\u0131ranlar hesap verecek. Bu T\u00fcrkiye\u2019nin utan\u00e7 tablosudur.<br \/>\nCHP Genel Ba\u015fkan Yard\u0131mc\u0131s\u0131 Haluk Ko\u00e7: Bu son derece ibret verici bir olayd\u0131r. T\u00fcrkiye\u2019de dinlenmedik telefon, santral ve g\u00f6zlenmedik ki\u015fi, kurum kalmam\u0131\u015ft\u0131r. \u0130ktidar, yasal d\u00fczenlemeler getirerek, bunun sorumlulu\u011fundan ka\u00e7mak i\u00e7in yarg\u0131y\u0131 tek bir ki\u015fiye ba\u011flamak istiyor. (Radikal)<\/p>\n","protected":false},"excerpt":{"rendered":"<p>Telekulak, Milliyet&#8217;in santral\u0131nda \/ T\u00fcrkiye \/ Radikal \u0130nternet 31\/05\/2010 8:03 Eski Emniyet Genel M\u00fcd\u00fcr Yard\u0131mc\u0131s\u0131 Emin Arslan, Milliyet, Radikal, Posta ve Fanatik gazetelerinin ba\u011fl\u0131 oldu\u011fu santral\u0131n yasad\u0131\u015f\u0131 olarak dinlendi\u011fini s\u00f6ylerken yetkililerden ses \u00e7\u0131kmad\u0131. Bu iddiaya g\u00f6re 850 gazeteci dinlendi&#8230; ANKARA \/ \u0130STANBUL &#8211; Uyu\u015ftucu operasyonu kapsam\u0131nda tutuklanan ve \u00e7\u0131kar\u0131ld\u0131\u011f\u0131 ilk duru\u015fmada tahliye olan eski Emniyet Genel M\u00fcd\u00fcr Yard\u0131mc\u0131s\u0131 Emin Arslan\u2019\u0131n&#8230;<\/p>\n","protected":false},"author":1,"featured_media":0,"comment_status":"open","ping_status":"closed","sticky":false,"template":"","format":"standard","meta":{"jetpack_post_was_ever_published":false,"_jetpack_newsletter_access":"","_jetpack_dont_email_post_to_subs":false,"_jetpack_newsletter_tier_id":0,"_jetpack_memberships_contains_paywalled_content":false,"_jetpack_memberships_contains_paid_content":false,"footnotes":"","jetpack_publicize_message":"","jetpack_publicize_feature_enabled":true,"jetpack_social_post_already_shared":false,"jetpack_social_options":{"image_generator_settings":{"template":"highway","default_image_id":0,"font":"","enabled":false},"version":2}},"categories":[15,66,10,14,67],"tags":[],"class_list":["post-971","post","type-post","status-publish","format-standard","hentry","category-gizli-dinleme","category-gozetim-devleti","category-mahremiyet","category-telekulak","category-turkiye"],"jetpack_publicize_connections":[],"jetpack_featured_media_url":"","jetpack_sharing_enabled":true,"jetpack_shortlink":"https:\/\/wp.me\/p7wjA8-fF","jetpack-related-posts":[],"_links":{"self":[{"href":"https:\/\/privacy.cyber-rights.org.tr\/index.php?rest_route=\/wp\/v2\/posts\/971","targetHints":{"allow":["GET"]}}],"collection":[{"href":"https:\/\/privacy.cyber-rights.org.tr\/index.php?rest_route=\/wp\/v2\/posts"}],"about":[{"href":"https:\/\/privacy.cyber-rights.org.tr\/index.php?rest_route=\/wp\/v2\/types\/post"}],"author":[{"embeddable":true,"href":"https:\/\/privacy.cyber-rights.org.tr\/index.php?rest_route=\/wp\/v2\/users\/1"}],"replies":[{"embeddable":true,"href":"https:\/\/privacy.cyber-rights.org.tr\/index.php?rest_route=%2Fwp%2Fv2%2Fcomments&post=971"}],"version-history":[{"count":1,"href":"https:\/\/privacy.cyber-rights.org.tr\/index.php?rest_route=\/wp\/v2\/posts\/971\/revisions"}],"predecessor-version":[{"id":972,"href":"https:\/\/privacy.cyber-rights.org.tr\/index.php?rest_route=\/wp\/v2\/posts\/971\/revisions\/972"}],"wp:attachment":[{"href":"https:\/\/privacy.cyber-rights.org.tr\/index.php?rest_route=%2Fwp%2Fv2%2Fmedia&parent=971"}],"wp:term":[{"taxonomy":"category","embeddable":true,"href":"https:\/\/privacy.cyber-rights.org.tr\/index.php?rest_route=%2Fwp%2Fv2%2Fcategories&post=971"},{"taxonomy":"post_tag","embeddable":true,"href":"https:\/\/privacy.cyber-rights.org.tr\/index.php?rest_route=%2Fwp%2Fv2%2Ftags&post=971"}],"curies":[{"name":"wp","href":"https:\/\/api.w.org\/{rel}","templated":true}]}}