{"id":993,"date":"2010-06-05T20:52:05","date_gmt":"2010-06-05T17:52:05","guid":{"rendered":"http:\/\/privacy.cyber-rights.org.tr\/?p=993"},"modified":"2010-06-05T20:52:16","modified_gmt":"2010-06-05T17:52:16","slug":"google%c2%92i-sikayet-eden-add%c2%92den-aciklama-geldi","status":"publish","type":"post","link":"https:\/\/privacy.cyber-rights.org.tr\/?p=993","title":{"rendered":"Google&#8217;\u0092\u0131 \u015fikayet eden ADD\u0092den a\u00e7\u0131klama geldi"},"content":{"rendered":"<p><a href=\"http:\/\/www.ensonhaber.com\/addden-google-aciklamasi.html\">Google&#8217;\u0131 \u015fikayet eden ADD&#8217;den a\u00e7\u0131klama geldi<\/a><\/p>\n<p>Google\u2019\u0131 \u015fikayet eden ADD\u2019den a\u00e7\u0131klama geldi<br \/>\nGOOGLE kapat\u0131ls\u0131n istiyoruz \u00e7\u00fcnk\u00fc Kemalizm kar\u0131n a\u011fr\u0131s\u0131 diye arama yap\u0131ld\u0131\u011f\u0131nda.. 05.06.2010<\/p>\n<p>Baz\u0131 ADSL firmalar\u0131 ve servis sa\u011flay\u0131c\u0131lar taraf\u0131ndan abonelerine g\u00f6nderilen bilgilendirmeye g\u00f6re, eri\u015fimi engellenen IP&#8217;ler dolay\u0131s\u0131yla Google&#8217;in baz\u0131 uygulamalar\u0131na eri\u015fememe veya eri\u015fimde yava\u015fl\u0131k ya\u015fan\u0131yor. Bu uygulamadan GoogleMaps, GoogleTranslate, GoogleAnalytics hepsi etkileniyor.<\/p>\n<p>KEMAL\u0130ZM\u0130N KARIN A\u011eRISINA SU\u00c7 DUYURUSU<br \/>\nSans\u00fcr karar\u0131n\u0131n neden al\u0131nd\u0131\u011f\u0131 ve hangi hukuki s\u00fcre\u00e7le y\u00fcr\u00fcr\u00fcl\u00fc\u011fe kondu\u011fu hen\u00fcz bilinmiyor. Ancak 2009 y\u0131l\u0131nda Atat\u00fcrk\u00e7\u00fc D\u00fc\u015f\u00fcnce Derne\u011fi (ADD) d\u00fcnyan\u0131n en b\u00fcy\u00fck internet arama motoru Google&#8217;\u0131n kapat\u0131lmas\u0131 i\u00e7in ba\u015fvuruda bulunmu\u015ftu. ADD, Google arama motorunda \u2019Kemalizmin Kar\u0131n A\u011fr\u0131s\u0131\u2018 \u015feklindeki kelime ile ula\u015f\u0131labilen alt sitesinde \u00e7e\u015fitli ba\u015fl\u0131klarda Atat\u00fcrk\u2019e hakaret i\u00e7eren bilgilere ula\u015f\u0131ld\u0131\u011f\u0131 ileri s\u00fcr\u00fclerek, arama motorunun alt sitesinin y\u00f6neticilerinin cezaland\u0131r\u0131lmas\u0131 ve kapat\u0131lmas\u0131 i\u00e7in Ankara Cumhuriyet Ba\u015fsavc\u0131l\u0131\u011f\u0131\u2019na su\u00e7 duyurusunda bulundu.<\/p>\n<p>Bu konuyla ilgili ADD sitesinde bir bas\u0131n a\u00e7\u0131klamas\u0131 yay\u0131nlad\u0131.  ADD yapt\u0131\u011f\u0131 a\u00e7\u0131klamada &#8216;Kamuoyunun GOOGLE\u2019e bu kadar sahip \u00e7\u0131kmas\u0131n\u0131n yan\u0131nda Ulu \u00f6nder Mustafa Kemal ATAT\u00dcRK\u2019e yap\u0131lan hayas\u0131zca ve sayg\u0131s\u0131zca hakaretlere ayn\u0131 duyarl\u0131l\u0131\u011f\u0131 g\u00f6stermemesini de anlayamamaktay\u0131z. &#8216; dedi.<\/p>\n<p>\u0130\u015fte yap\u0131lan o a\u00e7\u0131klama<\/p>\n<p>TERB\u0130YES\u0130ZCE \u0130FADELER\u0130 \u015e\u0130KAYET ETT\u0130K<br \/>\nGoogle arama motorunda \u2018Kemalizm kar\u0131n a\u011fr\u0131s\u0131\u2019 diye arama yap\u0131ld\u0131\u011f\u0131nda ortaya \u00e7\u0131kan ve http:\/\/sites.google.com\/site\/kemalizminkarinagrisi\/Home adresli sitede T\u00fcrkiye Cumhuriyetinin kurucusu Ulu \u00d6nderimiz Mustafa Kemal ATAT\u00dcRK\u2019e a\u011fza al\u0131nmayacak ve yaz\u0131ya d\u00f6k\u00fclemeyecek nitelikte, son derece terbiyesizce ve bir insan\u0131n ki\u015filik haklar\u0131na zarar verici nitelikteki yaz\u0131lar, derne\u011fimizce Ankara Cumhuriyet Ba\u015fsavc\u0131l\u0131\u011f\u0131 nezdinde \u015fikayet edilmi\u015ftir.<\/p>\n<p>S\u00f6z konusu \u015fikayette bu sitenin yetkilileri ve sorumlular\u0131 tespit edilemedi\u011finde bu tespitin savc\u0131l\u0131k\u00e7a yap\u0131larak ilgililer hakk\u0131nda gerekli cezai kovu\u015fturman\u0131n yap\u0131lmas\u0131n\u0131 ve bu sitenin kapat\u0131lmas\u0131 talep edilmi\u015ftir.<\/p>\n<p>GOOGLE KADAR ATAT\u00dcRK&#8217;E DE DUYARLILIK<br \/>\nBas\u0131nda yer ald\u0131\u011f\u0131 gibi GOOGLE\u2019un kapat\u0131lmas\u0131 gibi bir talep s\u00f6z konusu de\u011fildir. Kamuoyunun GOOGLE\u2019e bu kadar sahip \u00e7\u0131kmas\u0131n\u0131n yan\u0131nda Ulu \u00f6nder Mustafa Kemal ATAT\u00dcRK\u2019e yap\u0131lan hayas\u0131zca ve sayg\u0131s\u0131zca hakaretlere ayn\u0131 duyarl\u0131l\u0131\u011f\u0131 g\u00f6stermemesini de anlayamamaktay\u0131z. \u015eunu unutmayal\u0131m ki halen y\u00fcr\u00fcrl\u00fckte olan Atat\u00fcrk\u2019\u00fc Koruma Kanunu gere\u011fi Cumhuriyet Savc\u0131l\u0131\u011f\u0131 bu gibi durumlarda resen harekete ge\u00e7me yetkisine sahiptir. Zira y\u00fcr\u00fcrl\u00fckte bulunan bir yasan\u0131n ihlali s\u00f6z konusudur.<\/p>\n<p>HER T\u00dcRK VATANDA\u015eININ G\u00d6REV\u0130<br \/>\n\u015e\u00fcphesiz ki ulu \u00f6nderimiz Atat\u00fcrk, ona kar\u015f\u0131 yap\u0131lan bu gibi hayas\u0131z sald\u0131r\u0131lar ile yara alamaz ve zarar g\u00f6remez. Ancak T\u00fcrkiye Cumhuriyetinin kurucusu \u00f6nder bir ki\u015fili\u011fe, sald\u0131r\u0131lmas\u0131n\u0131 \u00f6nlemek de her T\u00fcrkiye Cumhuriyeti vatanda\u015f\u0131n\u0131n g\u00f6revi olmas\u0131 gerekti\u011fi inanc\u0131 ile kamuoyuna sayg\u0131 ile duyururuz.<\/p>\n","protected":false},"excerpt":{"rendered":"<p>Google&#8217;\u0131 \u015fikayet eden ADD&#8217;den a\u00e7\u0131klama geldi Google\u2019\u0131 \u015fikayet eden ADD\u2019den a\u00e7\u0131klama geldi GOOGLE kapat\u0131ls\u0131n istiyoruz \u00e7\u00fcnk\u00fc Kemalizm kar\u0131n a\u011fr\u0131s\u0131 diye arama yap\u0131ld\u0131\u011f\u0131nda.. 05.06.2010 Baz\u0131 ADSL firmalar\u0131 ve servis sa\u011flay\u0131c\u0131lar taraf\u0131ndan abonelerine g\u00f6nderilen bilgilendirmeye g\u00f6re, eri\u015fimi engellenen IP&#8217;ler dolay\u0131s\u0131yla Google&#8217;in baz\u0131 uygulamalar\u0131na eri\u015fememe veya eri\u015fimde yava\u015fl\u0131k ya\u015fan\u0131yor. Bu uygulamadan GoogleMaps, GoogleTranslate, GoogleAnalytics hepsi etkileniyor. KEMAL\u0130ZM\u0130N KARIN A\u011eRISINA SU\u00c7 DUYURUSU Sans\u00fcr karar\u0131n\u0131n&#8230;<\/p>\n","protected":false},"author":1,"featured_media":0,"comment_status":"open","ping_status":"closed","sticky":false,"template":"","format":"standard","meta":{"jetpack_post_was_ever_published":false,"_jetpack_newsletter_access":"","_jetpack_dont_email_post_to_subs":false,"_jetpack_newsletter_tier_id":0,"_jetpack_memberships_contains_paywalled_content":false,"_jetpack_memberships_contains_paid_content":false,"footnotes":"","jetpack_publicize_message":"","jetpack_publicize_feature_enabled":true,"jetpack_social_post_already_shared":false,"jetpack_social_options":{"image_generator_settings":{"template":"highway","default_image_id":0,"font":"","enabled":false},"version":2}},"categories":[22,5,21,8,89,28,3,17,67],"tags":[],"class_list":["post-993","post","type-post","status-publish","format-standard","hentry","category-5651-nolu-kanun","category-dusunce-ozgurlugu","category-erisim-engelleme","category-google","category-google-sites","category-hakaret","category-sansur","category-tib","category-turkiye"],"jetpack_publicize_connections":[],"jetpack_featured_media_url":"","jetpack_sharing_enabled":true,"jetpack_shortlink":"https:\/\/wp.me\/p7wjA8-g1","jetpack-related-posts":[],"_links":{"self":[{"href":"https:\/\/privacy.cyber-rights.org.tr\/index.php?rest_route=\/wp\/v2\/posts\/993","targetHints":{"allow":["GET"]}}],"collection":[{"href":"https:\/\/privacy.cyber-rights.org.tr\/index.php?rest_route=\/wp\/v2\/posts"}],"about":[{"href":"https:\/\/privacy.cyber-rights.org.tr\/index.php?rest_route=\/wp\/v2\/types\/post"}],"author":[{"embeddable":true,"href":"https:\/\/privacy.cyber-rights.org.tr\/index.php?rest_route=\/wp\/v2\/users\/1"}],"replies":[{"embeddable":true,"href":"https:\/\/privacy.cyber-rights.org.tr\/index.php?rest_route=%2Fwp%2Fv2%2Fcomments&post=993"}],"version-history":[{"count":1,"href":"https:\/\/privacy.cyber-rights.org.tr\/index.php?rest_route=\/wp\/v2\/posts\/993\/revisions"}],"predecessor-version":[{"id":994,"href":"https:\/\/privacy.cyber-rights.org.tr\/index.php?rest_route=\/wp\/v2\/posts\/993\/revisions\/994"}],"wp:attachment":[{"href":"https:\/\/privacy.cyber-rights.org.tr\/index.php?rest_route=%2Fwp%2Fv2%2Fmedia&parent=993"}],"wp:term":[{"taxonomy":"category","embeddable":true,"href":"https:\/\/privacy.cyber-rights.org.tr\/index.php?rest_route=%2Fwp%2Fv2%2Fcategories&post=993"},{"taxonomy":"post_tag","embeddable":true,"href":"https:\/\/privacy.cyber-rights.org.tr\/index.php?rest_route=%2Fwp%2Fv2%2Ftags&post=993"}],"curies":[{"name":"wp","href":"https:\/\/api.w.org\/{rel}","templated":true}]}}