{"id":999,"date":"2010-06-06T01:59:47","date_gmt":"2010-06-05T22:59:47","guid":{"rendered":"http:\/\/privacy.cyber-rights.org.tr\/?p=999"},"modified":"2010-06-06T01:59:50","modified_gmt":"2010-06-05T22:59:50","slug":"google-turkiye%e2%80%99yi-yok-sayiyor-vergi-vermek-istemiyor-haberturk","status":"publish","type":"post","link":"https:\/\/privacy.cyber-rights.org.tr\/?p=999","title":{"rendered":"&#8220;Google T\u00fcrkiye\u2019yi yok say\u0131yor, vergi vermek istemiyor&#8221; &#8211; HaberTurk"},"content":{"rendered":"<p><a href=\"http:\/\/ekonomi.haberturk.com\/teknoloji\/haber\/520970-google-turkiyeyi-yok-sayiyor-vergi-vermek-istemiyor\">&#8220;Google T\u00fcrkiye\u2019yi yok say\u0131yor, vergi vermek istemiyor&#8221; &#8211; HTEkonomi<\/a><\/p>\n<p>Google Facebook Favorilerim Digg Del.icio.us<br \/>\n&#8216;Google T\u00fcrkiye\u2019yi yok say\u0131yor, vergi vermek istemiyor&#8217;<br \/>\nUla\u015ft\u0131rma Bakan\u0131 Binali Y\u0131ld\u0131r\u0131m, \u0130nternet Habercileri Bulu\u015fmas\u0131\u2019nda Google ve Youtube\u2019a ili\u015fkin \u00e7arp\u0131c\u0131 a\u00e7\u0131klamalarda bulundu.<br \/>\n06 Haziran 2010 Pazar, 00:43:57<\/p>\n<p>Toplant\u0131ya kat\u0131lan HABERTURK.COM Genel Yay\u0131n M\u00fcd\u00fcr Yard\u0131mc\u0131s\u0131 K\u00dcR\u015eAD O\u011eUZ aktar\u0131yor\u2026<\/p>\n<p>Hali\u00e7 Kongre Merkezi\u2019nde Ba\u015fbakan Recep Tayyip Erdo\u011fan\u2019\u0131n kat\u0131l\u0131m\u0131yla d\u00fczenlenen \u0130nternet Habercileri Bulu\u015fmas\u0131\u2019nda internet d\u00fcnyas\u0131n\u0131n sorunlar\u0131 konu\u015fuldu. Toplant\u0131da gazetecilerin sorular\u0131na cevaplar veren Ula\u015ft\u0131rma Bakan\u0131 Binali Y\u0131ld\u0131r\u0131m, g\u00fcndemdeki konularla ilgili \u00e7arp\u0131c\u0131 a\u00e7\u0131klamalarda bulundu.<\/p>\n<p>Bakan Y\u0131ld\u0131r\u0131m, Youtube ve Google\u2019la ya\u015fanan sorunlar ve getirilen yasaklarla ilgili \u015fu de\u011ferlendirmeleri yapt\u0131:<\/p>\n<p>\u2018AVRUPA S\u0130BER SU\u00c7LAR S\u00d6ZLE\u015eMES\u0130N\u0130 \u0130MZALAMAYA KARAR VERD\u0130K\u2019<br \/>\n\u2018Buradan ilk defa s\u00f6yl\u00fcyorum. Bir ay i\u00e7inde, Avrupa Siber Su\u00e7lar S\u00f6zle\u015fmesi\u2019ni imzal\u0131yoruz. Yurtd\u0131\u015f\u0131ndan yay\u0131n yapan sitelerle ilgili 7 g\u00fcn 24 saat muhatab\u0131m\u0131z olacak art\u0131k. 46 \u00fclke dahil bu anla\u015fmaya. Taraf oldu\u011fumuz i\u00e7in her t\u00fcrl\u00fc bilgiyi payla\u015fmak zorunda olacaklar. Bu, denetlemeyi de kolayla\u015ft\u0131racak.\u2019<\/p>\n<p>\u2018ATAT\u00dcRK\u2019E HAKARET MADDES\u0130N\u0130 ANA MUHALEFET \u0130STED\u0130\u2019<br \/>\nBakan Y\u0131ld\u0131r\u0131m, Youtube\u2019a getirilen yasak s\u00fcrecini \u015f\u00f6yle anlatt\u0131:<\/p>\n<p>\u2018Bursa\u2019da bir \u00e7ocuk pornografisi olay\u0131 vard\u0131. Biz 5651 say\u0131l\u0131 internet yasas\u0131n\u0131 2008\u2019deki bu olay nedeniyle \u00e7\u0131kard\u0131k. Ama ana muhalefet partisi \u2018bu yasan\u0131n i\u00e7ine Atat\u00fcrk\u2019e hakareti de koyal\u0131m\u2019 dedi. \u2018Koymayal\u0131m\u2019 m\u0131 diyecektik? Neticede Youtube kapand\u0131. Ama o g\u00fcn bu g\u00fcnd\u00fcr di\u011ferleri y\u00fcz\u00fcnden kapatma ya\u015fanmad\u0131, sadece Atat\u00fcrk\u2019e hakaretten kapatma ya\u015fand\u0131. Ama Youtube temyize gitmiyor, bu yasa\u011f\u0131 kullan\u0131yor.\u2019<\/p>\n<p>\u2018S\u0130Z GOOGLE\u2019DAN ZENG\u0130N M\u0130S\u0130N\u0130Z? NEDEN VERG\u0130 VERM\u0130YORLAR?\u2019<br \/>\nBakan Y\u0131ld\u0131r\u0131m, Telekom\u00fcnikasyon \u0130leti\u015fim Ba\u015fkanl\u0131\u011f\u0131\u2019n\u0131n Youtube\u2019a giri\u015fi yasaklamak isterken arama motoru Google\u2019a ait baz\u0131 internet protokol\u00fc (IP) adreslerini engellemesiyle ilgili de \u015funlar\u0131 s\u00f6yledi:<\/p>\n<p>\u2018Youtube, T\u00fcrkiye\u2019den giri\u015fler azald\u0131\u011f\u0131 i\u00e7in Google giri\u015flerini kullanmaya ba\u015flad\u0131. Kendi IP\u2019lerini b\u0131rak\u0131p Google IP\u2019lerini kullanmaya ba\u015flad\u0131. Ar\u0131yoruz, telefonlar\u0131m\u0131za bile \u00e7\u0131km\u0131yorlar, muhatap bile olmuyorlar. Bir site bizi esir alamaz. Bir de T\u00fcrkiye yasak\u00e7\u0131lar listesinde diye propaganda yap\u0131yorlar.<\/p>\n<p>Vuku bulan i\u015flerle verilen ceza orant\u0131s\u0131zd\u0131r diyebilirsiniz, buna tamam. Peki neden haklar\u0131n\u0131 aram\u0131yorlar? Neden T\u00fcrkiye\u2019ye tabi olmak istemiyorlar. Neden vergi dairesinin adresini bilmiyorlar? Siz Google\u2019dan zengin misiniz? Siz vergi vereceksiniz, onlar bu kadar reklama ra\u011fmen vergi vermeyecekler\u2026 Beni yasak\u00e7\u0131 says\u0131nlar \u00f6nemli de\u011fil. Kimse bu \u00fclkeyi hafife alamaz. \u0130srail\u2019e \u00f6zel i\u00e7erik yap\u0131yor. 28 \u00fclkeye \u00f6zel i\u00e7erik yapm\u0131\u015fs\u0131n. Bize de yap, yapmam. Bunlar\u0131 \u00e7\u0131kar, \u00e7\u0131karmam. T\u00fcrkiye\u2019yi yok say\u0131yorlar, vergi m\u00fckellefi olmak istemiyorlar. Mahkeme karar veriyor, itiraz etmiyorlar. Neden? \u00c7\u00fcnk\u00fc muhatap alm\u0131yorlar\u2026\u2019  <\/p>\n<p>\u2018IP \u0130\u015e\u0130N\u0130 ARTIK DEVRALIYORUZ\u2019<br \/>\nBakan Y\u0131ld\u0131r\u0131m, bir gazetecinin, \u2018Peki \u00f6yleyse neden Google\u2019a tr uzant\u0131s\u0131 verildi\u2019 sorusuna da \u015fu cevab\u0131 verdi:<\/p>\n<p>\u2018IP i\u015fini yak\u0131nda devralaca\u011f\u0131z. Eskiden ODT\u00dc veriyordu tr uzant\u0131s\u0131n\u0131, yak\u0131nda biz vermeye ba\u015flayaca\u011f\u0131z.\u2019<\/p>\n","protected":false},"excerpt":{"rendered":"<p>&#8220;Google T\u00fcrkiye\u2019yi yok say\u0131yor, vergi vermek istemiyor&#8221; &#8211; HTEkonomi Google Facebook Favorilerim Digg Del.icio.us &#8216;Google T\u00fcrkiye\u2019yi yok say\u0131yor, vergi vermek istemiyor&#8217; Ula\u015ft\u0131rma Bakan\u0131 Binali Y\u0131ld\u0131r\u0131m, \u0130nternet Habercileri Bulu\u015fmas\u0131\u2019nda Google ve Youtube\u2019a ili\u015fkin \u00e7arp\u0131c\u0131 a\u00e7\u0131klamalarda bulundu. 06 Haziran 2010 Pazar, 00:43:57 Toplant\u0131ya kat\u0131lan HABERTURK.COM Genel Yay\u0131n M\u00fcd\u00fcr Yard\u0131mc\u0131s\u0131 K\u00dcR\u015eAD O\u011eUZ aktar\u0131yor\u2026 Hali\u00e7 Kongre Merkezi\u2019nde Ba\u015fbakan Recep Tayyip Erdo\u011fan\u2019\u0131n kat\u0131l\u0131m\u0131yla d\u00fczenlenen \u0130nternet&#8230;<\/p>\n","protected":false},"author":1,"featured_media":0,"comment_status":"open","ping_status":"closed","sticky":false,"template":"","format":"standard","meta":{"jetpack_post_was_ever_published":false,"_jetpack_newsletter_access":"","_jetpack_dont_email_post_to_subs":false,"_jetpack_newsletter_tier_id":0,"_jetpack_memberships_contains_paywalled_content":false,"_jetpack_memberships_contains_paid_content":false,"footnotes":"","jetpack_publicize_message":"","jetpack_publicize_feature_enabled":true,"jetpack_social_post_already_shared":false,"jetpack_social_options":{"image_generator_settings":{"template":"highway","default_image_id":0,"font":"","enabled":false},"version":2}},"categories":[22,5,21,8,3,17,67,4],"tags":[],"class_list":["post-999","post","type-post","status-publish","format-standard","hentry","category-5651-nolu-kanun","category-dusunce-ozgurlugu","category-erisim-engelleme","category-google","category-sansur","category-tib","category-turkiye","category-youtube"],"jetpack_publicize_connections":[],"jetpack_featured_media_url":"","jetpack_sharing_enabled":true,"jetpack_shortlink":"https:\/\/wp.me\/p7wjA8-g7","jetpack-related-posts":[],"_links":{"self":[{"href":"https:\/\/privacy.cyber-rights.org.tr\/index.php?rest_route=\/wp\/v2\/posts\/999","targetHints":{"allow":["GET"]}}],"collection":[{"href":"https:\/\/privacy.cyber-rights.org.tr\/index.php?rest_route=\/wp\/v2\/posts"}],"about":[{"href":"https:\/\/privacy.cyber-rights.org.tr\/index.php?rest_route=\/wp\/v2\/types\/post"}],"author":[{"embeddable":true,"href":"https:\/\/privacy.cyber-rights.org.tr\/index.php?rest_route=\/wp\/v2\/users\/1"}],"replies":[{"embeddable":true,"href":"https:\/\/privacy.cyber-rights.org.tr\/index.php?rest_route=%2Fwp%2Fv2%2Fcomments&post=999"}],"version-history":[{"count":1,"href":"https:\/\/privacy.cyber-rights.org.tr\/index.php?rest_route=\/wp\/v2\/posts\/999\/revisions"}],"predecessor-version":[{"id":1000,"href":"https:\/\/privacy.cyber-rights.org.tr\/index.php?rest_route=\/wp\/v2\/posts\/999\/revisions\/1000"}],"wp:attachment":[{"href":"https:\/\/privacy.cyber-rights.org.tr\/index.php?rest_route=%2Fwp%2Fv2%2Fmedia&parent=999"}],"wp:term":[{"taxonomy":"category","embeddable":true,"href":"https:\/\/privacy.cyber-rights.org.tr\/index.php?rest_route=%2Fwp%2Fv2%2Fcategories&post=999"},{"taxonomy":"post_tag","embeddable":true,"href":"https:\/\/privacy.cyber-rights.org.tr\/index.php?rest_route=%2Fwp%2Fv2%2Ftags&post=999"}],"curies":[{"name":"wp","href":"https:\/\/api.w.org\/{rel}","templated":true}]}}